{"id":9503,"date":"2026-04-27T09:19:57","date_gmt":"2026-04-27T09:19:57","guid":{"rendered":"https:\/\/coopcomin.org\/cominvolo\/?p=9503"},"modified":"2026-04-28T15:14:44","modified_gmt":"2026-04-28T15:14:44","slug":"quarantanni-di-educativa-domiciliare","status":"publish","type":"post","link":"https:\/\/coopcomin.org\/cominvolo\/2026\/04\/27\/quarantanni-di-educativa-domiciliare\/","title":{"rendered":"Quarant&#8217;anni di educativa domiciliare"},"content":{"rendered":"\n<p>Sono passati quarant\u2019anni da quanto abbiamo iniziato l\u2019educativa domiciliare. Una storia che sempre ci emoziona quando la raccontiamo.&nbsp;<\/p>\n\n\n\n<p>Da anni volevamo un testo scritto, da condividere con chiunque lavori in questo ambito o desideri capire cosa fanno gli educatori e le educatrici in casa delle famiglie e perch\u00e9 abbia valore il loro lavoro quotidiano.<\/p>\n\n\n\n<p>Questo desiderio ha preso forma attraverso la pubblicazione del testo <em>A casa d\u2019altri, <\/em>pubblicato da Animazione sociale, proprio nel Cinquantennale. Che bel modo di festeggiare il compleanno!!<\/p>\n\n\n\n<p>A <em>Casa d\u2019altri<\/em> non \u00e8 n\u00e9 un manuale n\u00e9 un saggio. \u00c8 un testo denso di sapere, confrontato e condiviso a partire dal lavoro di ogni giorno in tanti e a lungo. Ma pi\u00f9 di tutto un testo \u201cemozionale\u201d. Parla delle questioni per noi centrali nel lavoro che svolgiamo a domicilio con le famiglie.<\/p>\n\n\n\n<p>Anche in questo caso, come nostra abitudine, si \u00e8 trattato di un testo di scrittura collettiva: in diversi abbiamo operato una prima stesura dei contenuti, che poi Elena Mauri, Paola Riboldi e Silvia Avalli hanno rielaborato in uno stile unitario e pi\u00f9 narrativo, arricchendo anche questa versione con la voce diretta di alcuni educatori che raccontano episodi della propria esperienza.&nbsp;<\/p>\n\n\n\n<p>Animazione sociale ne parla cos\u00ec nella prefazione: \u201c<em>In queste brevi righe \u00e8 condensata la funzione educativa: una funzione che \u00e8 complessa da svolgere e che richiede un\u2019alta professionalit\u00e0 mai disgiunta da un\u2019elevata empatia. Si entra infatti in casa d\u2019altri, nello spazio simbolico dell\u2019intimit\u00e0. Ci si toglie le scarpe se richiesto. In ogni caso si entra in punta di piedi \u2026\u201d.<\/em><\/p>\n\n\n\n<p>Siamo fieri di questo lavoro. Si tratta proprio di un bellissimo regalo fatto alla cooperativa e dalla cooperativa agli altri. Probabilmente lo avrai gi\u00e0 potuto sfogliare ma se non lo hai ancora letto ti invitiamo davvero a procurartelo.<\/p>\n\n\n\n<p>Con Animazione Sociale abbiamo avuto poi l\u2019opportunit\u00e0 di presentare il testo in un webinar che \u00e8 stato molto partecipato. Se desideri puoi rivivere quel momento e riascoltare i contenuti proposti, accedendo alla registrazione tramite il link sotto questo testo.<\/p>\n\n\n\n<p>Ti offriamo anche un assaggio sintetico, ma ugualmente approfondito, dei contenuti espressi nel libro e nel webinar attraverso le belle slide presentate in quella occasione e che troverai allegate sotto questo testo.<\/p>\n\n\n\n<p>Concludiamo con le stesse parole con le quali Animazione sociale ha concluso la prefazione al libro.\u201c<em>Si aiuta una famiglia a crescere insieme, ci si coeduca con la famiglia, si attiva la comunit\u00e0 educante intorno. In questi cerchi che si allargano sta la bellezza della professione educativa. Una professione oggi non ancora adeguatamente riconosciuta in questo nostro Paese. Queste pagine sono un sostegno in questa direzione. Anche in questo risiede il loro valore\u201d.<\/em><\/p>\n\n\n\n<p>Link al webinar: <a href=\"https:\/\/www.youtube.com\/watch?v=qr3YHGYOcgw\">https:\/\/www.youtube.com\/watch?v=qr3YHGYOcgw\u00a0<\/a><\/p>\n\n\n\n<p><strong><a href=\"https:\/\/coopcomin.org\/cominvolo\/wp-content\/uploads\/2026\/04\/2-slide-Sostenere-il-crescere-in-famiglie-fragili.pdf\">Slide<\/a><\/strong><\/p>\n","protected":false},"excerpt":{"rendered":"<p>Sono passati quarant\u2019anni da quanto abbiamo iniziato l\u2019educativa domiciliare. Una storia che sempre ci emoziona quando la raccontiamo.&nbsp; Da anni volevamo un testo scritto, da condividere con chiunque lavori in questo ambito o desideri capire cosa fanno gli educatori e le educatrici in casa delle famiglie e perch\u00e9 abbia valore il loro lavoro quotidiano. Questo&hellip;&nbsp;<\/p>\n<div class=\"read-more-wrapper\"><a href=\"https:\/\/coopcomin.org\/cominvolo\/2026\/04\/27\/quarantanni-di-educativa-domiciliare\/\" class=\"button button-secondary\" rel=\"bookmark\">Leggi tutto \u00bb<span class=\"screen-reader-text\">Quarant&#8217;anni di educativa domiciliare<\/span><\/a><\/div>\n","protected":false},"author":7,"featured_media":9508,"comment_status":"closed","ping_status":"closed","sticky":false,"template":"","format":"standard","meta":{"_et_pb_use_builder":"off","_et_pb_old_content":"<!-- wp:paragraph -->\n<p>Sono passati quarant\u2019anni da quanto abbiamo iniziato l\u2019educativa domiciliare. Una storia che sempre ci emoziona quando la raccontiamo.&nbsp;<\/p>\n<!-- \/wp:paragraph -->\n\n<!-- wp:paragraph -->\n<p>Da anni volevamo un testo scritto, da condividere con chiunque lavori in questo ambito o desideri capire cosa fanno gli educatori e le educatrici in casa delle famiglie e perch\u00e9 abbia valore il loro lavoro quotidiano.<\/p>\n<!-- \/wp:paragraph -->\n\n<!-- wp:paragraph -->\n<p>Questo desiderio ha preso forma attraverso la pubblicazione del testo <em>A casa d\u2019altri, <\/em>pubblicato da Animazione sociale, proprio nel Cinquantennale. Che bel modo di festeggiare il compleanno!!<\/p>\n<!-- \/wp:paragraph -->\n\n<!-- wp:paragraph -->\n<p>A <em>Casa d\u2019altri<\/em> non \u00e8 n\u00e9 un manuale n\u00e9 un saggio. \u00c8 un testo denso di sapere, confrontato e condiviso a partire dal lavoro di ogni giorno in tanti e a lungo. Ma pi\u00f9 di tutto un testo \u201cemozionale\u201d. Parla delle questioni per noi centrali nel lavoro che svolgiamo a domicilio con le famiglie.<\/p>\n<!-- \/wp:paragraph -->\n\n<!-- wp:paragraph -->\n<p>Anche in questo caso, come nostra abitudine, si \u00e8 trattato di un testo di scrittura collettiva: in diversi abbiamo operato una prima stesura dei contenuti, che poi Elena Mauri, Paola Riboldi e Silvia Avalli hanno rielaborato in uno stile unitario e pi\u00f9 narrativo, arricchendo anche questa versione con la voce diretta di alcuni educatori che raccontano episodi della propria esperienza.&nbsp;<\/p>\n<!-- \/wp:paragraph -->\n\n<!-- wp:paragraph -->\n<p>Animazione sociale ne parla cos\u00ec nella prefazione: \u201c<em>In queste brevi righe \u00e8 condensata la funzione educativa: una funzione che \u00e8 complessa da svolgere e che richiede un\u2019alta professionalit\u00e0 mai disgiunta da un\u2019elevata empatia. Si entra infatti in casa d\u2019altri, nello spazio simbolico dell\u2019intimit\u00e0. Ci si toglie le scarpe se richiesto. In ogni caso si entra in punta di piedi \u2026\u201d.<\/em><\/p>\n<!-- \/wp:paragraph -->\n\n<!-- wp:paragraph -->\n<p>Siamo fieri di questo lavoro. Si tratta proprio di un bellissimo regalo fatto alla cooperativa e dalla cooperativa agli altri. Probabilmente lo avrai gi\u00e0 potuto sfogliare ma se non lo hai ancora letto ti invitiamo davvero a procurartelo.<\/p>\n<!-- \/wp:paragraph -->\n\n<!-- wp:paragraph -->\n<p>Con Animazione Sociale abbiamo avuto poi l\u2019opportunit\u00e0 di presentare il testo in un webinar che \u00e8 stato molto partecipato. Se desideri puoi rivivere quel momento e riascoltare i contenuti proposti, accedendo alla registrazione tramite questo link: <a href=\"https:\/\/www.youtube.com\/watch?v=qr3YHGYOcgw\">https:\/\/www.youtube.com\/watch?v=qr3YHGYOcgw<\/a>&nbsp;<\/p>\n<!-- \/wp:paragraph -->\n\n<!-- wp:paragraph -->\n<p>Ti offriamo anche un assaggio sintetico, ma ugualmente approfondito, dei contenuti espressi nel libro e nel webinar attraverso le belle slide presentate in quella occasione e che troverai allegate sotto questo testo.<\/p>\n<!-- \/wp:paragraph -->\n\n<!-- wp:paragraph -->\n<p><strong><a href=\"https:\/\/coopcomin.org\/cominvolo\/wp-content\/uploads\/2026\/04\/2-slide-Sostenere-il-crescere-in-famiglie-fragili.pdf\">Slide<\/a><\/strong><\/p>\n<!-- \/wp:paragraph -->\n\n<!-- wp:paragraph -->\n<p>Concludiamo con le stesse parole con le quali Animazione sociale ha concluso la prefazione al libro.\u201c<em>Si aiuta una famiglia a crescere insieme, ci si coeduca con la famiglia, si attiva la comunit\u00e0 educante intorno. In questi cerchi che si allargano sta la bellezza della professione educativa. Una professione oggi non ancora adeguatamente riconosciuta in questo nostro Paese. Queste pagine sono un sostegno in questa direzione. Anche in questo risiede il loro valore\u201d.<\/em><\/p>\n<!-- \/wp:paragraph -->","_et_gb_content_width":"","rop_custom_images_group":[],"rop_custom_messages_group":[],"rop_publish_now":"yes","rop_publish_now_accounts":[],"rop_publish_now_history":[],"rop_publish_now_status":"pending","neve_meta_sidebar":"","neve_meta_container":"","neve_meta_enable_content_width":"","neve_meta_content_width":0,"neve_meta_title_alignment":"","neve_meta_author_avatar":"","neve_post_elements_order":"","neve_meta_disable_header":"","neve_meta_disable_footer":"","neve_meta_disable_title":"","neve_meta_reading_time":"","_jetpack_memberships_contains_paid_content":false,"footnotes":""},"categories":[854,182],"tags":[],"class_list":["post-9503","post","type-post","status-publish","format-standard","has-post-thumbnail","hentry","category-altri-anniversari","category-radura"],"jetpack_featured_media_url":"https:\/\/i0.wp.com\/coopcomin.org\/cominvolo\/wp-content\/uploads\/2026\/04\/Copertina-immagine-articolo-Quarantanni-di-educativa-domiciliare-Radura.jpg?fit=920%2C630&ssl=1","jetpack_sharing_enabled":true,"_links":{"self":[{"href":"https:\/\/coopcomin.org\/cominvolo\/wp-json\/wp\/v2\/posts\/9503","targetHints":{"allow":["GET"]}}],"collection":[{"href":"https:\/\/coopcomin.org\/cominvolo\/wp-json\/wp\/v2\/posts"}],"about":[{"href":"https:\/\/coopcomin.org\/cominvolo\/wp-json\/wp\/v2\/types\/post"}],"author":[{"embeddable":true,"href":"https:\/\/coopcomin.org\/cominvolo\/wp-json\/wp\/v2\/users\/7"}],"replies":[{"embeddable":true,"href":"https:\/\/coopcomin.org\/cominvolo\/wp-json\/wp\/v2\/comments?post=9503"}],"version-history":[{"count":5,"href":"https:\/\/coopcomin.org\/cominvolo\/wp-json\/wp\/v2\/posts\/9503\/revisions"}],"predecessor-version":[{"id":9513,"href":"https:\/\/coopcomin.org\/cominvolo\/wp-json\/wp\/v2\/posts\/9503\/revisions\/9513"}],"wp:featuredmedia":[{"embeddable":true,"href":"https:\/\/coopcomin.org\/cominvolo\/wp-json\/wp\/v2\/media\/9508"}],"wp:attachment":[{"href":"https:\/\/coopcomin.org\/cominvolo\/wp-json\/wp\/v2\/media?parent=9503"}],"wp:term":[{"taxonomy":"category","embeddable":true,"href":"https:\/\/coopcomin.org\/cominvolo\/wp-json\/wp\/v2\/categories?post=9503"},{"taxonomy":"post_tag","embeddable":true,"href":"https:\/\/coopcomin.org\/cominvolo\/wp-json\/wp\/v2\/tags?post=9503"}],"curies":[{"name":"wp","href":"https:\/\/api.w.org\/{rel}","templated":true}]}}