{"id":558,"date":"2021-07-26T15:06:52","date_gmt":"2021-07-26T15:06:52","guid":{"rendered":"https:\/\/cominvolo.wordpress.com\/?p=558"},"modified":"2021-08-30T11:44:41","modified_gmt":"2021-08-30T11:44:41","slug":"verso-una-nuova-riorganizzazione","status":"publish","type":"post","link":"https:\/\/coopcomin.org\/cominvolo\/2021\/07\/26\/verso-una-nuova-riorganizzazione\/","title":{"rendered":"Verso una nuova riorganizzazione"},"content":{"rendered":"\n<p>Agli inizi del 1980 pu\u00f2 dunque dirsi ormai consolidata una formula diversa: la responsabilit\u00e0 educativa non \u00e8 pi\u00f9 affidata alla figura della vice-madre coadiuvata dalla famiglia d&#8217;appoggio, bens\u00ec ad una \u00e9quipe mista di educatori.&nbsp;<\/p>\n\n\n\n<p>Questo cambiamento sottende una maturata coscienza del ruolo, della &#8220;professionalit\u00e0&#8221; dell&#8217;educatore, figura ben diversa, ma non per questo meno motivata e disponibile, dalla &#8220;buona madre&#8221; prevista nel Villaggio SOS<sup>*<\/sup>. Gli educatori, infatti, si assumono il compito dell&#8217;elaborazione delle linee pedagogiche. Essi avvertono inoltre l&#8217;esigenza di costituirsi in \u00e9quipe collegiali e corresponsabili e di programmare attraverso appositi incontri il proprio lavoro con i minori, affinch\u00e9 l&#8217;azione educativa sia dettata da precisi criteri pedagogici.<\/p>\n\n\n\n<p>Si avverte il bisogno di un confronto sistematico anche tra tutti gli educatori delle diverse \u00e9quipe, nonch\u00e9 l&#8217;urgenza di aggiornare la propria preparazione attraverso veri e propri momenti di studio.<\/p>\n\n\n\n<p>Le proposte degli educatori vengono accettate. Le singole \u00e9quipe programmano il loro lavoro; si forma il gruppo degli educatori (Gr.Ed.) come momento autogestito di scambio, verifica, studio.<\/p>\n\n\n\n<p>Del Gr.Ed. fanno parte inizialmente gli educatori e i soci delle famiglie vettore. Gli obiettivi di lavoro di questo gruppo sono:<\/p>\n\n\n\n<ul class=\"wp-block-list\"><li>analizzare gli atteggiamenti educativi di ogni \u00e9quipe giungendo all&#8217;elaborazione di una linea pedagogica comune;<\/li><li>verificare in modo continuativo l&#8217;operato di ogni \u00e9quipe;<\/li><li>favorire la formazione permanente degli educatori e la continua acquisizione di nuovi strumenti professionali.&nbsp;<\/li><\/ul>\n\n\n\n<p>Nell&#8217;agosto 1980, dopo un anno di lavoro di analisi all&#8217;interno del gruppo, il Gr.Ed. richiese un corso di formazione specifica che si tenne a Favaro, nei pressi di Biella possiamo vedere in questo corso l\u2019inizio della tradizione degli S<em>tage Comin<\/em>. Questo momento formativo fu strutturato a partire dall&#8217;analisi dei disagi che ognuno individuava all&#8217;interno del proprio ruolo, con lo scopo di ridefinire i limiti, i compiti, i rapporti istituzionali. I partecipanti al corso di Favaro continuarono in seguito ad approfondire alcune piste di cambiamento con il compito, assegnato dalla cooperativa, di formulare proposte di ristrutturazione. Espressero inoltre l&#8217;esigenza che gli incontri del Gr.Ed. venissero, ogni tanto, condotti da un esperto.<\/p>\n\n\n\n<p>Il dibattito iniziato dal Gr.Ed. ebbe come esito una ristrutturazione della cooperativa:<\/p>\n\n\n\n<ol class=\"wp-block-list\"><li>venne definitivamente respinta, in quanto considerata inadatta a salvaguardare la continuit\u00e0 del servizio, l&#8217;istanza di volontariato puro propugnata da alcuni soci, istanza legata anche alla difficolt\u00e0 di instaurare un rapporto costruttivo con il Comune di Sesto San Giovanni, che non considerava convenienti le comunit\u00e0 sotto l\u2019aspetto organizzativo ed economico.&nbsp; Tale istanza era sorta all&#8217;interno del gruppo educatori durante il lavoro di studio della ristrutturazione della cooperativa.<\/li><\/ol>\n\n\n\n<p>Tre soci, tra cui anche il Sig. Villa, primo socio fondatore, uscirono dalla Comin per dare vita all&#8217;associazione SOL.CO. (Solidariet\u00e0 e Cooperazione) che oper\u00f2 per alcuni anni a Sesto;<\/p>\n\n\n\n<ol class=\"wp-block-list\" start=\"2\"><li>fu consentito anche agli educatori di diventare soci della cooperativa<sup>*<\/sup>;<\/li><li>ebbe luogo un processo di ristrutturazione degli ambiti decisionali all&#8217;interno della cooperativa, di specificazione di ruoli diversi, di ampliamento degli interventi realizzati a favore dei minori in difficolt\u00e0.<\/li><\/ol>\n\n\n\n<p><\/p>\n\n\n\n<p><\/p>\n\n\n\n<p><sup>*<\/sup> Vedi documenti nn. 6, 7 e 8.<\/p>\n\n\n\n<p>*Ad esempio: il metodo di lavoro. Si ravvisava infatti la necessit\u00e0 di giungere alla specificazione di quattro momenti fondamentali: analisi del fabbisogno e delle risorse, progettazione, attuazione e verifica. Vedi anche documento n 10 \u201cProposta per un corso di formazione\u201d.<\/p>\n","protected":false},"excerpt":{"rendered":"<p>Agli inizi del 1980 pu\u00f2 dunque dirsi ormai consolidata una formula diversa: la responsabilit\u00e0 educativa non \u00e8 pi\u00f9 affidata alla figura della vice-madre coadiuvata dalla famiglia d&#8217;appoggio, bens\u00ec ad una \u00e9quipe mista di educatori.&nbsp; Questo cambiamento sottende una maturata coscienza del ruolo, della &#8220;professionalit\u00e0&#8221; dell&#8217;educatore, figura ben diversa, ma non per questo meno motivata e&hellip;&nbsp;<\/p>\n<div class=\"read-more-wrapper\"><a href=\"https:\/\/coopcomin.org\/cominvolo\/2021\/07\/26\/verso-una-nuova-riorganizzazione\/\" class=\"button button-secondary\" rel=\"bookmark\">Leggi tutto \u00bb<span class=\"screen-reader-text\">Verso una nuova riorganizzazione<\/span><\/a><\/div>\n","protected":false},"author":1,"featured_media":1225,"comment_status":"closed","ping_status":"closed","sticky":false,"template":"","format":"standard","meta":{"_et_pb_use_builder":"","_et_pb_old_content":"","_et_gb_content_width":"","rop_custom_images_group":[],"rop_custom_messages_group":[],"rop_publish_now":"initial","rop_publish_now_accounts":[],"rop_publish_now_history":[],"rop_publish_now_status":"pending","neve_meta_sidebar":"","neve_meta_container":"","neve_meta_enable_content_width":"","neve_meta_content_width":0,"neve_meta_title_alignment":"","neve_meta_author_avatar":"","neve_post_elements_order":"","neve_meta_disable_header":"","neve_meta_disable_footer":"","neve_meta_disable_title":"","neve_meta_reading_time":"","_jetpack_memberships_contains_paid_content":false,"footnotes":""},"categories":[15],"tags":[],"class_list":["post-558","post","type-post","status-publish","format-standard","has-post-thumbnail","hentry","category-cap-2-linizio-del-cammino"],"jetpack_featured_media_url":"https:\/\/i0.wp.com\/coopcomin.org\/cominvolo\/wp-content\/uploads\/2021\/07\/verso-una-nuova-organizzazione.jpg?fit=800%2C600&ssl=1","jetpack_sharing_enabled":true,"_links":{"self":[{"href":"https:\/\/coopcomin.org\/cominvolo\/wp-json\/wp\/v2\/posts\/558","targetHints":{"allow":["GET"]}}],"collection":[{"href":"https:\/\/coopcomin.org\/cominvolo\/wp-json\/wp\/v2\/posts"}],"about":[{"href":"https:\/\/coopcomin.org\/cominvolo\/wp-json\/wp\/v2\/types\/post"}],"author":[{"embeddable":true,"href":"https:\/\/coopcomin.org\/cominvolo\/wp-json\/wp\/v2\/users\/1"}],"replies":[{"embeddable":true,"href":"https:\/\/coopcomin.org\/cominvolo\/wp-json\/wp\/v2\/comments?post=558"}],"version-history":[{"count":0,"href":"https:\/\/coopcomin.org\/cominvolo\/wp-json\/wp\/v2\/posts\/558\/revisions"}],"wp:featuredmedia":[{"embeddable":true,"href":"https:\/\/coopcomin.org\/cominvolo\/wp-json\/wp\/v2\/media\/1225"}],"wp:attachment":[{"href":"https:\/\/coopcomin.org\/cominvolo\/wp-json\/wp\/v2\/media?parent=558"}],"wp:term":[{"taxonomy":"category","embeddable":true,"href":"https:\/\/coopcomin.org\/cominvolo\/wp-json\/wp\/v2\/categories?post=558"},{"taxonomy":"post_tag","embeddable":true,"href":"https:\/\/coopcomin.org\/cominvolo\/wp-json\/wp\/v2\/tags?post=558"}],"curies":[{"name":"wp","href":"https:\/\/api.w.org\/{rel}","templated":true}]}}