{"id":557,"date":"2021-07-27T15:09:25","date_gmt":"2021-07-27T15:09:25","guid":{"rendered":"https:\/\/cominvolo.wordpress.com\/?p=556"},"modified":"2021-08-19T12:26:14","modified_gmt":"2021-08-19T12:26:14","slug":"il-cerchio-si-allarga","status":"publish","type":"post","link":"https:\/\/coopcomin.org\/cominvolo\/2021\/07\/27\/il-cerchio-si-allarga\/","title":{"rendered":"Il cerchio si allarga"},"content":{"rendered":"\n<p>Col passare del tempo, l&#8217;iniziativa Comin, sorta in conseguenza di un bisogno immediato, va facendosi sempre pi\u00f9 cosciente della propria caratteristica deistituzionalizzante e del proprio pensiero politico e culturale.&nbsp;<\/p>\n\n\n\n<p>Mentre proseguono gli incontri settimanali tra la vice-madre, la famiglia vettore e i soci della cooperativa per la necessaria verifica educativa, si pensa anche di allargare l&#8217;iniziativa creando una terza comunit\u00e0 con caratteristiche analoghe alle prime due. Tale progetto comporta problemi quali il reperimento di:&nbsp;<\/p>\n\n\n\n<p>\u2022 &nbsp; operatori idonei per il livello culturale, per l&#8217;esperienza con i minori, per la motivazione personale ad un impegno di tipo volontario e capaci di garantire una presenza continuativa;&nbsp;<\/p>\n\n\n\n<p>\u2022 &nbsp; una struttura abitativa adeguata;&nbsp;<\/p>\n\n\n\n<p>\u2022 &nbsp; le figure della famiglia d&#8217;appoggio e degli amici di famiglia.&nbsp;<\/p>\n\n\n\n<p>Nel <strong>1977<\/strong> viene aperta una terza comunit\u00e0 a Sesto, in piazza della Resistenza, in un appartamento messo a disposizione da uno dei soci. La comunit\u00e0 ospita tre minori ed \u00e8 condotta non pi\u00f9 da una sola vice-madre, bens\u00ec da una coppia di giovani educatrici, entrambe provenienti da un periodo di tirocinio durato sei mesi e svolto presso la seconda comunit\u00e0 alloggio di via Cavallotti.&nbsp;<\/p>\n\n\n\n<p>Le figure delle famiglie di appoggio e degli amici di famiglia per entrambe le nuove comunit\u00e0 vengono reperite tra i soci ed i sostenitori dell&#8217;iniziativa.<\/p>\n\n\n\n<p>L&#8217;anno <strong>1977<\/strong> vede la stesura di un nuovo documento divulgativo dell&#8217;esperienza in atto<sup>*<\/sup>. In questo documento viene esplicitamente ribadita la volont\u00e0 di collaborare con&nbsp;<\/p>\n\n\n\n<p>gli Enti Pubblici.&nbsp;<\/p>\n\n\n\n<p>In particolare la cooperativa propone che sia la Pubblica Amministrazione ad addossarsi l&#8217;onere finanziario dell&#8217;iniziativa, lasciando alla cooperativa l&#8217;organizzazione e la gestione del servizio, soprattutto per ci\u00f2 che concerne il reperimento e la formazione degli operatori. Nel documento viene nuovamente ribadita la volont\u00e0 di mantenere comunit\u00e0 di forma ridotta, affinch\u00e9 queste possano realmente configurarsi come tali e non rischiare di divenire dei micro-istituti.&nbsp;<\/p>\n\n\n\n<p>Viene inoltre indicata la formula cooperativistica come la pi\u00f9 facilmente ripetibile laddove si tentino soluzioni alternative nel campo dei servizi per i minori.&nbsp;<\/p>\n\n\n\n<p>Per ci\u00f2 che concerne gli educatori, viene delineata la possibilit\u00e0 di sostituire le famiglie di appoggio con dei cosiddetti &#8220;collaboratori&#8221; esterni, preferibilmente di sesso maschile, da affiancare alla vice-madre. Tra tali figure vi furono anche volontari disponibili a vivere per un certo periodo nelle comunit\u00e0 e che mantenevano le loro attivit\u00e0 lavorative esterne.<\/p>\n\n\n\n<p>Questo fatto non solo afferma implicitamente la necessit\u00e0 della presenza anche maschile ai fini di un&#8217;armonica educazione dei minori, ma costituisce anche un passo ulteriore verso la formazione di vere e proprie \u00e9quipe di educatori.<\/p>\n\n\n\n<p>Nel <strong>1978<\/strong>, infatti, la cooperativa inserisce nella prima comunit\u00e0 un&#8217;allieva tirocinante della scuola per operatori sociali ESAE di Milano per affiancare la vice-madre. Si tratta di Daniela che anni dopo insieme a Giovanni sar\u00e0 perno della nostra prima comunit\u00e0 familiare a Zinasco.<\/p>\n\n\n\n<p>Nel <strong>1979<\/strong> entra in questa comunit\u00e0 come educatore anche un obiettore di coscienza (Claudio) che ha precedenti rapporti di conoscenza con il nucleo. Si assiste dunque ad un lento cambiamento dall\u2019impostazione imperniata sulla figura della vice-madre a quella imperniata sull&#8217;\u00e9quipe mista di educatori, cambiamento di tipo esperienziale piuttosto che conseguente ad una acquisizione teorica.&nbsp;<\/p>\n\n\n\n<p>Nel <strong>1979<\/strong> viene assunto un educatore maschile anche per la seconda comunit\u00e0 (Roberto), avente anche il compito di coordinatore delle attivit\u00e0 della cooperativa e di rappresentante della stessa presso gli Enti Pubblici. Nei primi mesi del <strong>1980<\/strong>, anche in seno alla terza comunit\u00e0 avviene un cambiamento con l&#8217;inserimento di un obiettore di coscienza quale educatore maschile (Giovanni) ed il cambio delle educatrici, che avevano entrambe contratto l&#8217;epatite virale da una minore ospite in comunit\u00e0. Questo evento apr\u00ec un periodo di emergenza nella comunit\u00e0 rimasta senza educatrici. Per coprire la falla arrivarono dapprima Barbara (con una amica che rimase per coprire l\u2019emergenza) e poi a completare l\u2019equipe si aggiunse Cecilia, una laureata in giurisprudenza che aveva sentito parlare casualmente della comunit\u00e0.&nbsp;<\/p>\n\n\n\n<p><sup>*<\/sup> Vedi documento n. 4<\/p>\n","protected":false},"excerpt":{"rendered":"<p>Col passare del tempo, l&#8217;iniziativa Comin, sorta in conseguenza di un bisogno immediato, va facendosi sempre pi\u00f9 cosciente della propria caratteristica deistituzionalizzante e del proprio pensiero politico e culturale.&nbsp; Mentre proseguono gli incontri settimanali tra la vice-madre, la famiglia vettore e i soci della cooperativa per la necessaria verifica educativa, si pensa anche di allargare&hellip;&nbsp;<\/p>\n<div class=\"read-more-wrapper\"><a href=\"https:\/\/coopcomin.org\/cominvolo\/2021\/07\/27\/il-cerchio-si-allarga\/\" class=\"button button-secondary\" rel=\"bookmark\">Leggi tutto \u00bb<span class=\"screen-reader-text\">Il cerchio si allarga<\/span><\/a><\/div>\n","protected":false},"author":1,"featured_media":1222,"comment_status":"closed","ping_status":"closed","sticky":false,"template":"","format":"standard","meta":{"_et_pb_use_builder":"","_et_pb_old_content":"","_et_gb_content_width":"","rop_custom_images_group":[],"rop_custom_messages_group":[],"rop_publish_now":"initial","rop_publish_now_accounts":[],"rop_publish_now_history":[],"rop_publish_now_status":"pending","neve_meta_sidebar":"","neve_meta_container":"","neve_meta_enable_content_width":"","neve_meta_content_width":0,"neve_meta_title_alignment":"","neve_meta_author_avatar":"","neve_post_elements_order":"","neve_meta_disable_header":"","neve_meta_disable_footer":"","neve_meta_disable_title":"","neve_meta_reading_time":"","_jetpack_memberships_contains_paid_content":false,"footnotes":""},"categories":[15],"tags":[],"class_list":["post-557","post","type-post","status-publish","format-standard","has-post-thumbnail","hentry","category-cap-2-linizio-del-cammino"],"jetpack_featured_media_url":"https:\/\/i0.wp.com\/coopcomin.org\/cominvolo\/wp-content\/uploads\/2021\/07\/il-cerchio-si-allarga.jpg?fit=800%2C600&ssl=1","jetpack_sharing_enabled":true,"_links":{"self":[{"href":"https:\/\/coopcomin.org\/cominvolo\/wp-json\/wp\/v2\/posts\/557","targetHints":{"allow":["GET"]}}],"collection":[{"href":"https:\/\/coopcomin.org\/cominvolo\/wp-json\/wp\/v2\/posts"}],"about":[{"href":"https:\/\/coopcomin.org\/cominvolo\/wp-json\/wp\/v2\/types\/post"}],"author":[{"embeddable":true,"href":"https:\/\/coopcomin.org\/cominvolo\/wp-json\/wp\/v2\/users\/1"}],"replies":[{"embeddable":true,"href":"https:\/\/coopcomin.org\/cominvolo\/wp-json\/wp\/v2\/comments?post=557"}],"version-history":[{"count":0,"href":"https:\/\/coopcomin.org\/cominvolo\/wp-json\/wp\/v2\/posts\/557\/revisions"}],"wp:featuredmedia":[{"embeddable":true,"href":"https:\/\/coopcomin.org\/cominvolo\/wp-json\/wp\/v2\/media\/1222"}],"wp:attachment":[{"href":"https:\/\/coopcomin.org\/cominvolo\/wp-json\/wp\/v2\/media?parent=557"}],"wp:term":[{"taxonomy":"category","embeddable":true,"href":"https:\/\/coopcomin.org\/cominvolo\/wp-json\/wp\/v2\/categories?post=557"},{"taxonomy":"post_tag","embeddable":true,"href":"https:\/\/coopcomin.org\/cominvolo\/wp-json\/wp\/v2\/tags?post=557"}],"curies":[{"name":"wp","href":"https:\/\/api.w.org\/{rel}","templated":true}]}}