{"id":550,"date":"2021-07-30T14:37:10","date_gmt":"2021-07-30T14:37:10","guid":{"rendered":"https:\/\/cominvolo.wordpress.com\/?p=550"},"modified":"2022-04-06T14:26:22","modified_gmt":"2022-04-06T14:26:22","slug":"linizio-del-cammino","status":"publish","type":"post","link":"https:\/\/coopcomin.org\/cominvolo\/2021\/07\/30\/linizio-del-cammino\/","title":{"rendered":"L&#8217;inizio del cammino"},"content":{"rendered":"\n<p>Nel primo capitolo abbiamo ascoltato dalla voce calda di Renata e Carla il racconto del processo che ha portato alla costituzione della Cooperativa Comin il 30 aprile del 1975.&nbsp;<\/p>\n\n\n\n<p>In questo secondo capitolo cerchiamo di tratteggiare alcune caratteristiche che hanno connotato Comin degli inizi. E lo facciamo avendo negli occhi i visi dei soci fondatori che con la loro presenza hanno costruito l\u2019inizio del viaggio. Augusto, Gianni, Maria, per nominarne alcuni e soprattutto Gianfranco e Anna. Anzi ci piace proprio presentare la loro danza come immagine emblematica del racconto di oggi.&nbsp;<\/p>\n\n\n\n<p>Seguiremo le prime iniziative svolte e le riflessioni che hanno portato alla riorganizzazione significativa attuata nei primi cinque anni di lavoro. Questo percorso ha avuto come esito una nuova organizzazione della cooperativa, nella quale possiamo ora riconoscere l\u2019origine dell\u2019attuale assetto. Nella sezione <em><a href=\"https:\/\/coopcomin.org\/cominvolo\/documenti\/\" data-type=\"page\" data-id=\"121\" target=\"_blank\" rel=\"noreferrer noopener\"><strong>Documenti<\/strong><\/a><\/em> sono disponibili i pi\u00f9 importanti documenti usati per organizzare il lavoro o per presentare la cooperativa all\u2019esterno.<\/p>\n\n\n\n<p>\u00c8 stato un processo intenso e anche doloroso che ha visto un momento forte nel corso residenziale e nel successivo percorso di riflessione che ha portato all\u2019elaborazione del documento 11 <em><strong><a href=\"https:\/\/coopcomin.org\/cominvolo\/wp-content\/uploads\/2021\/08\/doc-11-Cooperare-per-cambiare_OCR.pdf\" data-type=\"URL\" data-id=\"https:\/\/coopcomin.org\/cominvolo\/wp-content\/uploads\/2021\/08\/doc-11-Cooperare-per-cambiare_OCR.pdf\" target=\"_blank\" rel=\"noreferrer noopener\">Cooperare per cambiare<\/a><\/strong><\/em> che presenta le nuove linee operative ed organizzative che la Comin si \u00e8 data.<\/p>\n\n\n\n<p>Abbiamo detto che \u00e8 stato un percorso doloroso. Ha infatti portato ad una scissione e alla fuoriuscita del fondatore Luigi Villa, di Renata e di Giovanni Cappellini che hanno dato vita all\u2019associazione Solco che ha agito per alcuni anni a Sesto San Giovanni. Proponevano di gestire le comunit\u00e0 attraverso il volontariato degli operatori, anche a partire dalla posizione del Comune di Sesto che allora non intendeva riconoscere il costo delle nostre comunit\u00e0. I loro assunti sono contenuti nel documento 12 <em><strong><a href=\"https:\/\/coopcomin.org\/cominvolo\/wp-content\/uploads\/2021\/08\/doc-12-Posizione-di-minoranza_OCR.pdf\" data-type=\"URL\" data-id=\"https:\/\/coopcomin.org\/cominvolo\/wp-content\/uploads\/2021\/08\/doc-12-Posizione-di-minoranza_OCR.pdf\" target=\"_blank\" rel=\"noreferrer noopener\">Posizione di minoranza<\/a><\/strong>. <\/em>Abbiamo ripercorso il ricordo di questo momento nell\u2019intervista doppia a Giovanni e Claudio, che potete ascoltare nel video.\u00a0<\/p>\n\n\n\n<figure class=\"wp-block-embed is-type-video is-provider-youtube wp-block-embed-youtube wp-embed-aspect-16-9 wp-has-aspect-ratio\"><div class=\"wp-block-embed__wrapper\">\n<div class=\"nv-iframe-embed\"><iframe title=\"Testimonianza Comin\" width=\"1200\" height=\"675\" src=\"https:\/\/www.youtube.com\/embed\/CueanA7iqQ0?feature=oembed\" frameborder=\"0\" allow=\"accelerometer; autoplay; clipboard-write; encrypted-media; gyroscope; picture-in-picture\" allowfullscreen><\/iframe><\/div>\n<\/div><\/figure>\n\n\n\n<p>\u00c8 consolante ora sapere che dopo diversi anni questa scissione si \u00e8 ricomposta. Questi tre soci sono rientrati in cooperativa per dare avvio alla prima nostra comunit\u00e0 familiare: <em>Il Melograno <\/em>a Zinasco.&nbsp;<\/p>\n\n\n\n<p>Per chi vuole analizzare pi\u00f9 in dettaglio lo sviluppo dell\u2019impostazione delle comunit\u00e0 potr\u00e0 trovare pane per i suoi denti nella sezione <em><strong><a href=\"https:\/\/coopcomin.org\/cominvolo\/approfondimenti\/\" data-type=\"page\" data-id=\"881\" target=\"_blank\" rel=\"noreferrer noopener\">Approfondimenti<\/a><\/strong><\/em>.<\/p>\n","protected":false},"excerpt":{"rendered":"<p>Nel primo capitolo abbiamo ascoltato dalla voce calda di Renata e Carla il racconto del processo che ha portato alla costituzione della Cooperativa Comin il 30 aprile del 1975.&nbsp; In questo secondo capitolo cerchiamo di tratteggiare alcune caratteristiche che hanno connotato Comin degli inizi. E lo facciamo avendo negli occhi i visi dei soci fondatori&hellip;&nbsp;<\/p>\n<div class=\"read-more-wrapper\"><a href=\"https:\/\/coopcomin.org\/cominvolo\/2021\/07\/30\/linizio-del-cammino\/\" class=\"button button-secondary\" rel=\"bookmark\">Leggi tutto \u00bb<span class=\"screen-reader-text\">L&#8217;inizio del cammino<\/span><\/a><\/div>\n","protected":false},"author":1,"featured_media":1223,"comment_status":"closed","ping_status":"closed","sticky":false,"template":"","format":"standard","meta":{"_et_pb_use_builder":"","_et_pb_old_content":"","_et_gb_content_width":"","rop_custom_images_group":[],"rop_custom_messages_group":[],"rop_publish_now":"initial","rop_publish_now_accounts":[],"rop_publish_now_history":[],"rop_publish_now_status":"pending","neve_meta_sidebar":"","neve_meta_container":"","neve_meta_enable_content_width":"","neve_meta_content_width":0,"neve_meta_title_alignment":"","neve_meta_author_avatar":"","neve_post_elements_order":"","neve_meta_disable_header":"","neve_meta_disable_footer":"","neve_meta_disable_title":"","neve_meta_reading_time":"","_jetpack_memberships_contains_paid_content":false,"footnotes":""},"categories":[15],"tags":[87,104,103],"class_list":["post-550","post","type-post","status-publish","format-standard","has-post-thumbnail","hentry","category-cap-2-linizio-del-cammino","tag-comin","tag-posizione-di-minoranza","tag-riorganizzazione-anni-80"],"jetpack_featured_media_url":"https:\/\/i0.wp.com\/coopcomin.org\/cominvolo\/wp-content\/uploads\/2021\/07\/inizio-del-cammino.jpg?fit=800%2C600&ssl=1","jetpack_sharing_enabled":true,"_links":{"self":[{"href":"https:\/\/coopcomin.org\/cominvolo\/wp-json\/wp\/v2\/posts\/550","targetHints":{"allow":["GET"]}}],"collection":[{"href":"https:\/\/coopcomin.org\/cominvolo\/wp-json\/wp\/v2\/posts"}],"about":[{"href":"https:\/\/coopcomin.org\/cominvolo\/wp-json\/wp\/v2\/types\/post"}],"author":[{"embeddable":true,"href":"https:\/\/coopcomin.org\/cominvolo\/wp-json\/wp\/v2\/users\/1"}],"replies":[{"embeddable":true,"href":"https:\/\/coopcomin.org\/cominvolo\/wp-json\/wp\/v2\/comments?post=550"}],"version-history":[{"count":0,"href":"https:\/\/coopcomin.org\/cominvolo\/wp-json\/wp\/v2\/posts\/550\/revisions"}],"wp:featuredmedia":[{"embeddable":true,"href":"https:\/\/coopcomin.org\/cominvolo\/wp-json\/wp\/v2\/media\/1223"}],"wp:attachment":[{"href":"https:\/\/coopcomin.org\/cominvolo\/wp-json\/wp\/v2\/media?parent=550"}],"wp:term":[{"taxonomy":"category","embeddable":true,"href":"https:\/\/coopcomin.org\/cominvolo\/wp-json\/wp\/v2\/categories?post=550"},{"taxonomy":"post_tag","embeddable":true,"href":"https:\/\/coopcomin.org\/cominvolo\/wp-json\/wp\/v2\/tags?post=550"}],"curies":[{"name":"wp","href":"https:\/\/api.w.org\/{rel}","templated":true}]}}