{"id":4004,"date":"2024-04-03T19:00:32","date_gmt":"2024-04-03T19:00:32","guid":{"rendered":"https:\/\/coopcomin.org\/cominvolo\/?p=4004"},"modified":"2024-05-16T20:48:44","modified_gmt":"2024-05-16T20:48:44","slug":"comin-vince-il-premio-amico-della-famiglia","status":"publish","type":"post","link":"https:\/\/coopcomin.org\/cominvolo\/2024\/04\/03\/comin-vince-il-premio-amico-della-famiglia\/","title":{"rendered":"Comin vince il Premio Amico della Famiglia"},"content":{"rendered":"\n<p><\/p>\n\n\n\n<p>Nel 2007 il Ministero della famiglia ha indetto il premio <em>Amico della famiglia<\/em>, con l&#8217;intento di sviluppare, diffondere e valorizzare le migliori iniziative in materia di politiche familiari intraprese dagli enti locali o dalle imprese. Il premio era pertanto diviso in due sezioni: una relativa alle amministrazioni pubbliche e l\u2019altra alle imprese. Nel <strong><u><a href=\"https:\/\/coopcomin.org\/cominvolo\/wp-content\/uploads\/2024\/05\/6-1-bando.pdf\">Bando allegato<\/a><\/u><\/strong> \u00e8 possibile prendere atto degli obiettivi e dei criteri di valutazione, raggruppati nelle seguenti cinque aree: &#8211; stabilit\u00e0 dell&#8217;iniziativa, promozione dell&#8217;associazionismo familiare, &#8211; coinvolgimento diretto delle famiglie nella ideazione e nella progettazione delle iniziative, &#8211; trasferibilit\u00e0, intesa come possibilit\u00e0 di attuazione del progetto anche in altre realt\u00e0 locali ed imprenditoriali, &#8211; presenza di una strategia di progetto integrata, capace di raccordare diversi soggetti locali e imprenditoriali.<\/p>\n\n\n\n<p>Sulla base di questi criteri la commissione ministeriale decide di riconoscere il primo Premio come Impresa Amica della Famiglia alla cooperativa Comin, che aveva partecipato presentando l\u2019esperienza del <em>Giardino della Madia<\/em> (vedi <strong><u><a href=\"https:\/\/coopcomin.org\/cominvolo\/wp-content\/uploads\/2024\/05\/6-2-sintesi-per-premio-amico-della-famiglia-2007.pdf\">Progetto<\/a><\/u><\/strong> sintetico presentato).<\/p>\n\n\n\n<p><em>\u201cSi \u00e8 trattato di un riconoscimento, con un significativo premio di tipo economico, che ci ha colto di sorpresa e che ci ha naturalmente procurato molta soddisfazione. Ci piace pensare come questo evento possa essere emblematico dell\u2019investimento di energie e di sapere, attuato per poter stare vicino in modo efficace a tante famiglie, in diverse situazioni, da quelle che vivono gravi momenti di difficolt\u00e0, a quelle che frequentano i luoghi o le proposte di incontro, a quelle che decidono di aprire la propria casa all\u2019accoglienza. Nello specifico il progetto con cui abbiamo vinto il premio \u00e8 il Giardino della Madia, che possiamo definire come prototipo di un nuovo modello d\u2019azione per gli interventi di socializzazione che stiamo promuovendo: il tentativo di favorire il pi\u00f9 possibile l\u2019autogestione di questi interventi da parte degli stessi beneficiari\u201d.<\/em> Cos\u00ec ci esprimevamo nel Bilancio sociale 2007.<\/p>\n\n\n\n<p>Chiediamo a Claudio Figini, Presidente in quegli anni, che ha ricevuto nel marzo 2008 il premio dalle mani del Primo Ministro Prodi e da Rosi Bindi, cosa ricorda di questa esperienza e che significato attribuisce a questo premio, presentano qualche immagine e questo <strong><u>video<\/u><\/strong> che riprende la premiazione per rinfrescare un po&#8217; la sua memoria.<\/p>\n\n\n\n<figure class=\"wp-block-gallery has-nested-images columns-default is-cropped wp-block-gallery-1 is-layout-flex wp-block-gallery-is-layout-flex\">\n<figure class=\"wp-block-image size-full\"><img data-recalc-dims=\"1\" decoding=\"async\" width=\"512\" height=\"320\" data-id=\"4006\" src=\"https:\/\/i0.wp.com\/coopcomin.org\/cominvolo\/wp-content\/uploads\/2024\/05\/Cap.18_6-sorriso.jpg?resize=512%2C320&#038;ssl=1\" alt=\"\" class=\"wp-image-4006\" srcset=\"https:\/\/i0.wp.com\/coopcomin.org\/cominvolo\/wp-content\/uploads\/2024\/05\/Cap.18_6-sorriso.jpg?w=512&amp;ssl=1 512w, https:\/\/i0.wp.com\/coopcomin.org\/cominvolo\/wp-content\/uploads\/2024\/05\/Cap.18_6-sorriso.jpg?resize=300%2C188&amp;ssl=1 300w, https:\/\/i0.wp.com\/coopcomin.org\/cominvolo\/wp-content\/uploads\/2024\/05\/Cap.18_6-sorriso.jpg?resize=400%2C250&amp;ssl=1 400w, https:\/\/i0.wp.com\/coopcomin.org\/cominvolo\/wp-content\/uploads\/2024\/05\/Cap.18_6-sorriso.jpg?resize=510%2C320&amp;ssl=1 510w\" sizes=\"(max-width: 512px) 100vw, 512px\" \/><figcaption class=\"wp-element-caption\">DIGITAL CAMERA<\/figcaption><\/figure>\n<\/figure>\n\n\n\n<p><em>Certo questa foto mi richiama una forte emozione, aumentata anche dalle circostanze. C\u2019erano appena state le elezioni che avevano sancito la fine dell\u2019esperienza dell\u2019Ulivo, che aveva riempito anche me di aspettative buone. Tra pochi giorni si sarebbe insediato il Governo Berlusconi e infatti questo evento, come detto dallo stesso Prodi, era il suo ultimo impegno. Dal giorno dopo si sarebbe potuto dedicare con grande gioia a fare davvero il nonno. \u00c8 un ricordo particolare, emozionante, pensare di essere stato l\u00ec. Ma veniamo a noi e alla domanda sul significato per la Cooperativa di questo riconoscimento. Certo che ricordo che per noi \u00e8 stato davvero una bella consolazione che ci ha anche un po&#8217; inorgoglito. Abbiamo avuto la conferma della visione che orientava il nostro intervento cio\u00e8 che il coinvolgimento attivo delle persone nella creazione di luoghi di benessere aperti a tutti potesse creare un argine alla diffusione del disagio nella comunit\u00e0. Il vecchio video (anche se naturalmente la qualit\u00e0 dell\u2019immagine \u00e8 quella che \u00e8) che riprende il pezzo di cerimonia a noi dedicato con le risposte alle domande del giornalista, esprime in maniera chiara i significati da noi attribuiti al Giardino della Madia. Importante anche il premio economico collegato al Riconoscimento. Quei 100.000 euro hanno reso possibile la prosecuzione dell\u2019esperienza del Giardino cos\u00ec strutturato anche dopo la fine del finanziamento di Umanamente, per due anni.<\/em><\/p>\n\n\n\n<p>Ti presentiamo queste altre due immagini, un po&#8217; pi\u00f9 leggere<\/p>\n\n\n\n<figure class=\"wp-block-gallery has-nested-images columns-default is-cropped wp-block-gallery-2 is-layout-flex wp-block-gallery-is-layout-flex\">\n<figure class=\"wp-block-image size-full\"><img data-recalc-dims=\"1\" decoding=\"async\" width=\"1168\" height=\"876\" data-id=\"3967\" src=\"https:\/\/i0.wp.com\/coopcomin.org\/cominvolo\/wp-content\/uploads\/2024\/04\/Immagine17.jpg?resize=1168%2C876&#038;ssl=1\" alt=\"\" class=\"wp-image-3967\" srcset=\"https:\/\/i0.wp.com\/coopcomin.org\/cominvolo\/wp-content\/uploads\/2024\/04\/Immagine17.jpg?w=1168&amp;ssl=1 1168w, https:\/\/i0.wp.com\/coopcomin.org\/cominvolo\/wp-content\/uploads\/2024\/04\/Immagine17.jpg?resize=300%2C225&amp;ssl=1 300w, https:\/\/i0.wp.com\/coopcomin.org\/cominvolo\/wp-content\/uploads\/2024\/04\/Immagine17.jpg?resize=1024%2C768&amp;ssl=1 1024w, https:\/\/i0.wp.com\/coopcomin.org\/cominvolo\/wp-content\/uploads\/2024\/04\/Immagine17.jpg?resize=768%2C576&amp;ssl=1 768w, https:\/\/i0.wp.com\/coopcomin.org\/cominvolo\/wp-content\/uploads\/2024\/04\/Immagine17.jpg?resize=510%2C382&amp;ssl=1 510w, https:\/\/i0.wp.com\/coopcomin.org\/cominvolo\/wp-content\/uploads\/2024\/04\/Immagine17.jpg?resize=1080%2C810&amp;ssl=1 1080w\" sizes=\"(max-width: 1168px) 100vw, 1168px\" \/><figcaption class=\"wp-element-caption\">DIGITAL CAMERA<\/figcaption><\/figure>\n\n\n\n<figure class=\"wp-block-image size-full\"><img data-recalc-dims=\"1\" decoding=\"async\" width=\"280\" height=\"210\" data-id=\"4007\" src=\"https:\/\/i0.wp.com\/coopcomin.org\/cominvolo\/wp-content\/uploads\/2024\/05\/Cap.-18.6-3.jpg?resize=280%2C210&#038;ssl=1\" alt=\"\" class=\"wp-image-4007\"\/><figcaption class=\"wp-element-caption\">DIGITAL CAMERA<\/figcaption><\/figure>\n<\/figure>\n\n\n\n<p><em>Grazie davvero anche per queste altre due fotografie. Mi ricordano in modo vivo tutto il nostro viaggio a Roma. Eravamo noi quattro: con me c\u2019erano anche Daniela ed Enzo, i due educatori del Giardino in quel momento, oltre a Matteo che era il coordinatore. Eravamo davvero contenti di andare assieme a Roma a ritirare il premio a nome di tutta la cooperativa e il clima tra noi era proprio gioioso. Mi ricordo ancora alcuni episodi un po&#8217; esuberanti che hanno riempito quei giorni e le tante risate. Risate che non sono mancate anche quando Enzo ha venduto i biglietti della lotteria alla Ministra Rosi Bindi che scherzando ci ha detto: \u201cMa non vi sono bastati i soldi che vi abbiamo dato?\u201d.<\/em><\/p>\n\n\n\n<p><em>Ti ringrazio anche per un altro motivo. Vedere quelle tre persone vicino a me, fa venire a galla il grande affetto che provo per loro. Tutte e tre quelle facce, anche quelle che non vedo da molto tempo, risvegliano in me la tenerezza e la gioia riconoscente per la loro affettuosa presenza sulla mia strada. Va bene dai\u2026 Fermiamoci qua!<\/em><\/p>\n\n\n\n<p>Come conclusione vi rimandiamo al <strong><u><a href=\"https:\/\/coopcomin.org\/cominvolo\/wp-content\/uploads\/2024\/05\/6-7-premio-famigli.pdf\">comunicato stampa ufficiale<\/a><\/u><\/strong>, anche se contiene qualche inesattezza, poi diffuso dai siti e dai giornali, che insieme alle interviste televisive hanno dato risalto all\u2019assegnazione del premio <em>Amico della famiglia<\/em>.<\/p>\n","protected":false},"excerpt":{"rendered":"<p>Nel 2007 il Ministero della famiglia ha indetto il premio Amico della famiglia, con l&#8217;intento di sviluppare, diffondere e valorizzare le migliori iniziative in materia di politiche familiari intraprese dagli enti locali o dalle imprese. Il premio era pertanto diviso in due sezioni: una relativa alle amministrazioni pubbliche e l\u2019altra alle imprese. Nel Bando allegato&hellip;&nbsp;<\/p>\n<div class=\"read-more-wrapper\"><a href=\"https:\/\/coopcomin.org\/cominvolo\/2024\/04\/03\/comin-vince-il-premio-amico-della-famiglia\/\" class=\"button button-secondary\" rel=\"bookmark\">Leggi tutto \u00bb<span class=\"screen-reader-text\">Comin vince il Premio Amico della Famiglia<\/span><\/a><\/div>\n","protected":false},"author":4,"featured_media":3968,"comment_status":"closed","ping_status":"closed","sticky":false,"template":"","format":"standard","meta":{"_et_pb_use_builder":"","_et_pb_old_content":"","_et_gb_content_width":"","rop_custom_images_group":[],"rop_custom_messages_group":[],"rop_publish_now":"initial","rop_publish_now_accounts":[],"rop_publish_now_history":[],"rop_publish_now_status":"pending","neve_meta_sidebar":"","neve_meta_container":"","neve_meta_enable_content_width":"","neve_meta_content_width":0,"neve_meta_title_alignment":"","neve_meta_author_avatar":"","neve_post_elements_order":"","neve_meta_disable_header":"","neve_meta_disable_footer":"","neve_meta_disable_title":"","neve_meta_reading_time":"","_jetpack_memberships_contains_paid_content":false,"footnotes":""},"categories":[266,3],"tags":[],"class_list":["post-4004","post","type-post","status-publish","format-standard","has-post-thumbnail","hentry","category-cap-18-la-madia","category-la-nostra-storia"],"jetpack_featured_media_url":"https:\/\/i0.wp.com\/coopcomin.org\/cominvolo\/wp-content\/uploads\/2024\/04\/Immagine18.jpg?fit=1067%2C801&ssl=1","jetpack_sharing_enabled":true,"_links":{"self":[{"href":"https:\/\/coopcomin.org\/cominvolo\/wp-json\/wp\/v2\/posts\/4004","targetHints":{"allow":["GET"]}}],"collection":[{"href":"https:\/\/coopcomin.org\/cominvolo\/wp-json\/wp\/v2\/posts"}],"about":[{"href":"https:\/\/coopcomin.org\/cominvolo\/wp-json\/wp\/v2\/types\/post"}],"author":[{"embeddable":true,"href":"https:\/\/coopcomin.org\/cominvolo\/wp-json\/wp\/v2\/users\/4"}],"replies":[{"embeddable":true,"href":"https:\/\/coopcomin.org\/cominvolo\/wp-json\/wp\/v2\/comments?post=4004"}],"version-history":[{"count":3,"href":"https:\/\/coopcomin.org\/cominvolo\/wp-json\/wp\/v2\/posts\/4004\/revisions"}],"predecessor-version":[{"id":4012,"href":"https:\/\/coopcomin.org\/cominvolo\/wp-json\/wp\/v2\/posts\/4004\/revisions\/4012"}],"wp:featuredmedia":[{"embeddable":true,"href":"https:\/\/coopcomin.org\/cominvolo\/wp-json\/wp\/v2\/media\/3968"}],"wp:attachment":[{"href":"https:\/\/coopcomin.org\/cominvolo\/wp-json\/wp\/v2\/media?parent=4004"}],"wp:term":[{"taxonomy":"category","embeddable":true,"href":"https:\/\/coopcomin.org\/cominvolo\/wp-json\/wp\/v2\/categories?post=4004"},{"taxonomy":"post_tag","embeddable":true,"href":"https:\/\/coopcomin.org\/cominvolo\/wp-json\/wp\/v2\/tags?post=4004"}],"curies":[{"name":"wp","href":"https:\/\/api.w.org\/{rel}","templated":true}]}}