{"id":3892,"date":"2024-04-03T20:30:26","date_gmt":"2024-04-03T20:30:26","guid":{"rendered":"https:\/\/coopcomin.org\/cominvolo\/?p=3892"},"modified":"2025-09-02T16:02:15","modified_gmt":"2025-09-02T16:02:15","slug":"il-cosf","status":"publish","type":"post","link":"https:\/\/coopcomin.org\/cominvolo\/2024\/04\/03\/il-cosf\/","title":{"rendered":"Il COSF"},"content":{"rendered":"\n<p><strong>Centro di orientamento alla solidariet\u00e0 tra famiglie<\/strong><\/p>\n\n\n\n<p>Un\u2019altra importante azione del progetto complessivo <em>La Madia<\/em> \u00e8 il <em>Centro di Orientamento alla Solidariet\u00e0 tra Famiglie <\/em>detto <em>Cosf.<\/em><\/p>\n\n\n\n<p>Come si legge nel <strong><u><a href=\"https:\/\/coopcomin.org\/cominvolo\/wp-content\/uploads\/2024\/04\/3-1-COSF-Progetto-iniziale-presentato-ad-Umanamente.pdf\">Progetto<\/a><\/u><\/strong> scopo del <em>Cosf <\/em> \u00e8 \u201cPermettere, ai singoli e alle famiglie che lo desiderano, di intraprendere un percorso di solidariet\u00e0 nei confronti di famiglie e minori in difficolt\u00e0: affido o altre forme di coinvolgimento, quali, ad esempio instaurare <em>rapporti di buon vicinato<\/em> con un nucleo familiare in carico ai Servizi Sociali. Il <em>buon vicinato<\/em> implica la disponibilit\u00e0 a importanti quanto semplici e non formalizzate azioni \u2026 e a porsi come riferimento amicale e favorire la socializzazione del nucleo in difficolt\u00e0\u201d.<\/p>\n\n\n\n<p>Il Centro di orientamento alla solidariet\u00e0 tra famiglie inizia la propria attivit\u00e0 il 1 febbraio 2006 quindi per:<\/p>\n\n\n\n<ul class=\"wp-block-list\">\n<li>fornire informazioni rispetto alle diverse forme di solidariet\u00e0 e accoglienza rivolte a bambini e famiglie in difficolt\u00e0 (volontariato per affiancare bambini e famiglie in difficolt\u00e0, affido, adozione);<\/li>\n\n\n\n<li>orientare accompagnare e sostenere i singoli e le famiglie nella scelta del progetto di solidariet\u00e0 pi\u00f9 consono alle proprie risorse e disponibilit\u00e0;<\/li>\n\n\n\n<li>accompagnare il singolo e la famiglia lungo tutto il percorso di solidariet\u00e0 fornendo opportunit\u00e0 formative, incontri individuali, di gruppo&#8230;.<\/li>\n<\/ul>\n\n\n\n<p>Non si tratta quindi di un semplice sportello informativo, in quanto intende offrire ai singoli e alle famiglie che desiderano intraprendere un percorso di solidariet\u00e0, la possibilit\u00e0, di chiarire, approfondire e declinare operativamente, e con maggior competenza, la propria disponibilit\u00e0: Il <em>passaggio dal desiderio<\/em> di &#8220;impegnarsi per gli altri&#8221;, di &#8220;aiutare un bambino in difficolt\u00e0&#8221;, <em>all&#8217;azione consapevole ed efficace <\/em>non \u00e8 semplice, n\u00e9 automatico e richiede un percorso di approfondimento delle proprie motivazioni, dei limiti e delle disponibilit\u00e0 operative concrete, di considerazione dell&#8217;impatto che tale atto produce all&#8217;interno del proprio contesto familiare, di conoscenza dei servizi, nonch\u00e9 l&#8217;acquisizione di alcune conoscenze specifiche. (Vedi <strong><u><a href=\"https:\/\/coopcomin.org\/cominvolo\/wp-content\/uploads\/2024\/04\/3-2-volantinocosf.pdf\">Volantino di presentazione<\/a><\/u><\/strong>). Per questo viene offerta la possibilit\u00e0 di colloqui individuali e di percorsi collettivi di preparazione e di accompagnamento, a chi decide di mettersi in gioco.<\/p>\n\n\n\n<p>L\u2019attivit\u00e0 del Cosf si inserisce in modo efficace all\u2019interno del lavoro di affiancamento all\u2019accoglienza familiare e allo sviluppo della cultura specifica, in atto da un decennio nella cooperativa. In particolare riceve in un certo senso il testimone dal Progetto <em>Affidiamoci <\/em>e da<em> Gabbianelle e Gatti.<\/em><\/p>\n\n\n\n<p>In particolare il progetto Affidiamoci (gestito con le cooperative <em>La cordata e La grande casa<\/em>; l&#8217;associazione di volontariato <em>U.V.I<\/em>. e con la nostra rete di famiglie <em>Paz\u00f2l<\/em>) svolge azioni di sensibilizzazione per diffondere la pratica preventiva e non stigmatizzante dell&#8217;affido &#8220;leggero&#8221;, ossia di quelle forme d&#8217;affido limitate ad alcune ore al giorno e\/o ad alcuni periodi durante l&#8217;anno, in genere coincidenti con la chiusura delle scuole o con il fine-settimana. Parallelamente intende proporre la pratica della solidariet\u00e0 tra famiglie, sollecitando le famiglie a proporsi come sostegno per altre famiglie, rinforzando un filone di intervento che sar\u00e0 sviluppato in maniera significativa negli anni successivi.<\/p>\n\n\n\n<p>L&#8217;istituzione del centro di orientamento, con una sede fisica aperta al pubblico, costituisce per la cooperativa un ulteriore passo in avanti nella sua azione di promozione dell&#8217;affido e della solidariet\u00e0 tra famiglie, in quanto permette di dare visibilit\u00e0 e risonanza a risorse spesso difficilmente identificabili e propone un punto di riferimento riconoscibile sia a chi si accosta alle tematiche dell&#8217;affido e della solidariet\u00e0 familiare, sia a chi opera professionalmente sulle stesse.<\/p>\n\n\n\n<p>Al <em>Cosf <\/em>\u00e8 stato poi assegnato anche il compito di fungere da Segreteria della <em>Madia <\/em>rispetto al coordinamento degli aspetti di funzionamento complessivo. All\u2019interno di questo compito ha coordinato il lavoro di costruzione dell\u2019immagine coordinata dalla quale fosse poi possibile declinare i <strong><u><a href=\"https:\/\/coopcomin.org\/cominvolo\/wp-content\/uploads\/2024\/04\/3-3-LOGHI-MATRIOSKA.pdf\">loghi delle singole azioni del progetto<\/a><\/u><\/strong>. Quindi, marchi distinti ma tutti riconducibili al marchio \u201cmadre\u201d che fa da contenitore, cos\u00ec come il luogo fisico che le ospita. L\u2019immagine della matrioska che contiene al proprio interno altre bambole \u00e8 stata identificata come logo comune che identifica ogni azione, come appartenente ad un unico progetto coordinato.<\/p>\n\n\n\n<p>Il Centro di orientamento ha gestito anche l\u2019attivit\u00e0 di orientamento e affiancamento alle attivit\u00e0 di volontariato svolte all\u2019interno dei servizi della cooperativa (vedi <strong><u><a href=\"https:\/\/coopcomin.org\/cominvolo\/wp-content\/uploads\/2024\/04\/3-4-Proposta-per-la-gestione-dei-volontari.pdf\">Proposta per la gestione dei volontari<\/a><\/u><\/strong>).<\/p>\n\n\n\n<p>A questo proposito gli operatori del centro svolgono alcuni colloqui (almeno 2 o 3) col candidato, al duplice scopo di offrire a lui una conoscenza pi\u00f9 approfondita della Cooperativa, di fargli esprimere le proprie motivazioni e desideri rispetto all\u2019esperienza da realizzare e di permettere agli operatori di conoscere la persona e orientarla rispetto al servizio in cui potr\u00e0 svolgere l\u2019esperienza.<\/p>\n\n\n\n<p>Una volta individuato il servizio in cui svolgere la propria opera di volontariato, segue un ulteriore incontro col volontario per confrontarsi sul progetto. Insieme verr\u00e0 coprogettata l\u2019esperienza e steso il \u201cprogetto di volontariato\u201d che definisce cadenza, orari, compiti e obiettivi del volontario, ma anche gli impegni delle altre parti in gioco, compresi gli incontri di verifica sull\u2019andamento dell\u2019esperienza da parte degli operatori del COSF e del servizio.<\/p>\n\n\n\n<p>Per avere un quadro dettagliato delle attivit\u00e0 svolte dal <em>Cosf <\/em>all\u2019interno del Progetto con <em>Umanamente<\/em> rimandiamo alla lettura delle <strong><u><a href=\"https:\/\/coopcomin.org\/cominvolo\/wp-content\/uploads\/2024\/04\/3-5-relazioni-umanamente.pdf\">Relazioni scientifiche<\/a><\/u><\/strong> di restituzione delle attivit\u00e0 svolte che riportano nel dettaglio il resoconto delle attivit\u00e0 svolte che qui possiamo accennare.<\/p>\n\n\n\n<p>Tra le numerose attivit\u00e0 di sensibilizzazione sull\u2019accoglienza familiare ci piace ricordare la partecipazione a \u201c<em>Fa la cosa giusta\u201d<\/em> a partire dal 2007. Per l\u2019occasione \u00e8 stata studiata una piccola campagna per il progetto \u201caffido accompagnato\u201d: la casetta da ritagliare e montare (<strong><a href=\"https:\/\/coopcomin.org\/cominvolo\/wp-content\/uploads\/2024\/04\/3-6-apri-la-tua-casa-da-costruire.pdf\">depliant &#8220;Apri la tua casa&#8221;<\/a><\/strong>) e chiesto a tutte le persone a cui abbiamo dato il materiale di montare la casetta e portarla in ufficio, metterla in evidenza e spiegare che quella \u00e8 la casa dell\u2019affido. L\u2019afflusso alla fiera \u00e8 stato davvero massiccio e ha consentito di contattare davvero tante persone. Efficace \u00e8 stata anche la collaborazione con alcune radio (<em>Radio Popolare e Radio Marconi)<\/em> attraverso l\u2019organizzazione di trasmissioni specifiche o la diffusione di annunci.<\/p>\n\n\n\n<div class=\"wp-block-group\"><div class=\"wp-block-group__inner-container is-layout-constrained wp-block-group-is-layout-constrained\">\n<div class=\"wp-block-group is-nowrap is-layout-flex wp-container-core-group-is-layout-ad2f72ca wp-block-group-is-layout-flex\">\n<figure class=\"wp-block-image size-large is-resized\"><img data-recalc-dims=\"1\" decoding=\"async\" width=\"1024\" height=\"768\" src=\"https:\/\/i0.wp.com\/coopcomin.org\/cominvolo\/wp-content\/uploads\/2024\/04\/immagine-Cosf-1.jpg?resize=1024%2C768&#038;ssl=1\" alt=\"\" class=\"wp-image-3906\" style=\"width:396px;height:auto\" srcset=\"https:\/\/i0.wp.com\/coopcomin.org\/cominvolo\/wp-content\/uploads\/2024\/04\/immagine-Cosf-1-scaled.jpg?resize=1024%2C768&amp;ssl=1 1024w, https:\/\/i0.wp.com\/coopcomin.org\/cominvolo\/wp-content\/uploads\/2024\/04\/immagine-Cosf-1-scaled.jpg?resize=300%2C225&amp;ssl=1 300w, https:\/\/i0.wp.com\/coopcomin.org\/cominvolo\/wp-content\/uploads\/2024\/04\/immagine-Cosf-1-scaled.jpg?resize=768%2C576&amp;ssl=1 768w, https:\/\/i0.wp.com\/coopcomin.org\/cominvolo\/wp-content\/uploads\/2024\/04\/immagine-Cosf-1-scaled.jpg?resize=1536%2C1152&amp;ssl=1 1536w, https:\/\/i0.wp.com\/coopcomin.org\/cominvolo\/wp-content\/uploads\/2024\/04\/immagine-Cosf-1-scaled.jpg?resize=2048%2C1536&amp;ssl=1 2048w, https:\/\/i0.wp.com\/coopcomin.org\/cominvolo\/wp-content\/uploads\/2024\/04\/immagine-Cosf-1-scaled.jpg?resize=510%2C382&amp;ssl=1 510w, https:\/\/i0.wp.com\/coopcomin.org\/cominvolo\/wp-content\/uploads\/2024\/04\/immagine-Cosf-1-scaled.jpg?resize=1080%2C810&amp;ssl=1 1080w, https:\/\/i0.wp.com\/coopcomin.org\/cominvolo\/wp-content\/uploads\/2024\/04\/immagine-Cosf-1-scaled.jpg?w=2400&amp;ssl=1 2400w\" sizes=\"(max-width: 1024px) 100vw, 1024px\" \/><\/figure>\n\n\n\n<figure class=\"wp-block-image size-large is-resized\"><img data-recalc-dims=\"1\" decoding=\"async\" width=\"1024\" height=\"768\" src=\"https:\/\/i0.wp.com\/coopcomin.org\/cominvolo\/wp-content\/uploads\/2024\/04\/immagine-cosf-2.jpg?resize=1024%2C768&#038;ssl=1\" alt=\"\" class=\"wp-image-3907\" style=\"width:390px;height:auto\" srcset=\"https:\/\/i0.wp.com\/coopcomin.org\/cominvolo\/wp-content\/uploads\/2024\/04\/immagine-cosf-2-scaled.jpg?resize=1024%2C768&amp;ssl=1 1024w, https:\/\/i0.wp.com\/coopcomin.org\/cominvolo\/wp-content\/uploads\/2024\/04\/immagine-cosf-2-scaled.jpg?resize=300%2C225&amp;ssl=1 300w, https:\/\/i0.wp.com\/coopcomin.org\/cominvolo\/wp-content\/uploads\/2024\/04\/immagine-cosf-2-scaled.jpg?resize=768%2C576&amp;ssl=1 768w, https:\/\/i0.wp.com\/coopcomin.org\/cominvolo\/wp-content\/uploads\/2024\/04\/immagine-cosf-2-scaled.jpg?resize=1536%2C1152&amp;ssl=1 1536w, https:\/\/i0.wp.com\/coopcomin.org\/cominvolo\/wp-content\/uploads\/2024\/04\/immagine-cosf-2-scaled.jpg?resize=2048%2C1536&amp;ssl=1 2048w, https:\/\/i0.wp.com\/coopcomin.org\/cominvolo\/wp-content\/uploads\/2024\/04\/immagine-cosf-2-scaled.jpg?resize=510%2C382&amp;ssl=1 510w, https:\/\/i0.wp.com\/coopcomin.org\/cominvolo\/wp-content\/uploads\/2024\/04\/immagine-cosf-2-scaled.jpg?resize=1080%2C810&amp;ssl=1 1080w, https:\/\/i0.wp.com\/coopcomin.org\/cominvolo\/wp-content\/uploads\/2024\/04\/immagine-cosf-2-scaled.jpg?w=2400&amp;ssl=1 2400w\" sizes=\"(max-width: 1024px) 100vw, 1024px\" \/><\/figure>\n<\/div>\n<\/div><\/div>\n\n\n\n<p>Oltre alla diffusione della proposta dell\u2019<em>Affido accompagnato<\/em> il <em>Cosf<\/em> ha potuto anche svolgere attivit\u00e0 di promozione del progetto <em>Unduetre \u2026 a casa<\/em> (vedi <strong><u><a href=\"https:\/\/coopcomin.org\/cominvolo\/wp-content\/uploads\/2024\/04\/3-7-volantino-123acasa.pdf\">volantino Unduetre \u2026<\/a>)<\/u><\/strong>.<\/p>\n\n\n\n<p>Il lavoro di sensibilizzazione ha reso possibile organizzare negli anni, anche dopo la conclusione del Progetto <em>Umanamente<\/em>, diverse edizioni del Corso di formazione denominato <a href=\"https:\/\/coopcomin.org\/cominvolo\/wp-content\/uploads\/2024\/04\/3-8-apri-la-tua-casa-6.pdf\"><strong>&#8220;Apri la tua casa&#8221;<\/strong><\/a> per famiglie interessate ad approfondire la proposta dell\u2019affido. Sono stati inoltre attuati anche corsi specifici per la preparazione di famiglie disponibili alla Pronta Accoglienza di bimbi piccoli.<\/p>\n\n\n\n<p>A seguito di questi corsi si \u00e8 progressivamente costituita una nuova rete di famiglie accoglienti, con sede nella <em>Madia, <\/em>che si \u00e8 data il nome di <em>La Miccia.<\/em><\/p>\n\n\n\n<p>\u00c8 stato importante anche l\u2019affiancamento al percorso del gruppo di Famiglie accoglienti, appartenenti alle reti di famiglie, costituite in un decennio dalla cooperativa Comin, che si sono incontrate per valutare la possibilit\u00e0 e le modalit\u00e0 di costituire un\u2019associazione di famiglie accoglienti. Questo processo ha avuto luogo alla <em>Madia<\/em> e si \u00e8 concluso nell\u2019aprile del 2008 con la costituzione di <em>Carovana \u2013 famiglie accoglienti in movimento<\/em>, come racconteremo in dettaglio nel prossimo articolo.<\/p>\n\n\n\n<p>\u00c8 stato un frutto prezioso del lavoro anche aver costruito una collaborazione sul tema dell\u2019accoglienza familiare con diverse realt\u00e0 familiari e di altro genere. Ne ricordiamo alcune: Arci, Acli, Caritas Ambrosiana e lo sportello Anania, Arci Ragazzi, l\u2019associazione \u201cFamiglie con le ali\u201d e Kikkaion, l\u2019Istituto degli Innocenti di Firenze. Con diverse di queste associazioni \u00e8 stato possibile sviluppare sinergie anche negli anni successivi. \u00c8 stato inoltre importante continuare la partecipazione al <em>Coordinamento Affidi della Provincia di Milano.<\/em><\/p>\n\n\n\n<p>Questi in sintesi alcuni numeri riguardanti l\u2019attivit\u00e0 svolta durante i due anni di progetto con la Fondazione Umanamente<\/p>\n\n\n\n<figure class=\"wp-block-table\"><table><tbody><tr><td>Famiglie incontrate e coinvolte attivamente nei percorsi del COSF<\/td><td><strong>&nbsp;<\/strong> <strong>156<\/strong><\/td><\/tr><tr><td>Volontari incontrati, seguiti con un progetto individualizzato ed effettivamente impegnati in attivit\u00e0 di volontariato in modo continuativo<\/td><td><strong>&nbsp;<\/strong> <strong>40<\/strong><\/td><\/tr><tr><td>&nbsp; Eventi pubblici<\/td><td><strong>14<\/strong> <strong>(1.200 persone circa)<\/strong><\/td><\/tr><tr><td>Presenze registrate a fiera \u201cFa la cosa giusta\u201d<\/td><td><strong>Circa 28.000<\/strong><\/td><\/tr><\/tbody><\/table><\/figure>\n\n\n\n<p>&nbsp;Al termine del progetto la cooperativa ha deciso di continuare l\u2019attivit\u00e0 del Cosf secondo lo stesso modello per alcuni anni, per poi integrare le attivit\u00e0 svolte dal Centro, all\u2019interno dell\u2019azione complessiva attuata dal Servizio Affido di Comin, senza prevedere un luogo ed un\u2019equipe di lavoro differenziati.<\/p>\n\n\n\n<p>L\u2019azione di sostegno all\u2019affido familiare \u00e8 proseguita secondo canali specifici, via via costruiti da Comin, in collaborazione con Carovana. Il lavoro di sostegno alla prossimit\u00e0 tra famiglie, uno dei punti salienti dell\u2019esperienza del Cosf, si \u00e8 sviluppato anche grazie al contributo della Fondazione Vismara, che ha finanziato i Progetti <em>Dire, Fare, familiare <\/em>e poi la sua continuazione <em>Corrispondenze.<\/em> Ma di questo avremo modo di parlare nello specifico nei prossimi capitoli.<\/p>\n","protected":false},"excerpt":{"rendered":"<p>Centro di orientamento alla solidariet\u00e0 tra famiglie Un\u2019altra importante azione del progetto complessivo La Madia \u00e8 il Centro di Orientamento alla Solidariet\u00e0 tra Famiglie detto Cosf. Come si legge nel Progetto scopo del Cosf \u00e8 \u201cPermettere, ai singoli e alle famiglie che lo desiderano, di intraprendere un percorso di solidariet\u00e0 nei confronti di famiglie e&hellip;&nbsp;<\/p>\n<div class=\"read-more-wrapper\"><a href=\"https:\/\/coopcomin.org\/cominvolo\/2024\/04\/03\/il-cosf\/\" class=\"button button-secondary\" rel=\"bookmark\">Leggi tutto \u00bb<span class=\"screen-reader-text\">Il COSF<\/span><\/a><\/div>\n","protected":false},"author":4,"featured_media":3894,"comment_status":"closed","ping_status":"closed","sticky":false,"template":"","format":"standard","meta":{"_et_pb_use_builder":"","_et_pb_old_content":"","_et_gb_content_width":"","rop_custom_images_group":[],"rop_custom_messages_group":[],"rop_publish_now":"initial","rop_publish_now_accounts":[],"rop_publish_now_history":[],"rop_publish_now_status":"pending","neve_meta_sidebar":"","neve_meta_container":"","neve_meta_enable_content_width":"","neve_meta_content_width":0,"neve_meta_title_alignment":"","neve_meta_author_avatar":"","neve_post_elements_order":"","neve_meta_disable_header":"","neve_meta_disable_footer":"","neve_meta_disable_title":"","neve_meta_reading_time":"","_jetpack_memberships_contains_paid_content":false,"footnotes":""},"categories":[266,3],"tags":[],"class_list":["post-3892","post","type-post","status-publish","format-standard","has-post-thumbnail","hentry","category-cap-18-la-madia","category-la-nostra-storia"],"jetpack_featured_media_url":"https:\/\/i0.wp.com\/coopcomin.org\/cominvolo\/wp-content\/uploads\/2024\/04\/Cap.18_3.png?fit=453%2C255&ssl=1","jetpack_sharing_enabled":true,"_links":{"self":[{"href":"https:\/\/coopcomin.org\/cominvolo\/wp-json\/wp\/v2\/posts\/3892","targetHints":{"allow":["GET"]}}],"collection":[{"href":"https:\/\/coopcomin.org\/cominvolo\/wp-json\/wp\/v2\/posts"}],"about":[{"href":"https:\/\/coopcomin.org\/cominvolo\/wp-json\/wp\/v2\/types\/post"}],"author":[{"embeddable":true,"href":"https:\/\/coopcomin.org\/cominvolo\/wp-json\/wp\/v2\/users\/4"}],"replies":[{"embeddable":true,"href":"https:\/\/coopcomin.org\/cominvolo\/wp-json\/wp\/v2\/comments?post=3892"}],"version-history":[{"count":8,"href":"https:\/\/coopcomin.org\/cominvolo\/wp-json\/wp\/v2\/posts\/3892\/revisions"}],"predecessor-version":[{"id":6114,"href":"https:\/\/coopcomin.org\/cominvolo\/wp-json\/wp\/v2\/posts\/3892\/revisions\/6114"}],"wp:featuredmedia":[{"embeddable":true,"href":"https:\/\/coopcomin.org\/cominvolo\/wp-json\/wp\/v2\/media\/3894"}],"wp:attachment":[{"href":"https:\/\/coopcomin.org\/cominvolo\/wp-json\/wp\/v2\/media?parent=3892"}],"wp:term":[{"taxonomy":"category","embeddable":true,"href":"https:\/\/coopcomin.org\/cominvolo\/wp-json\/wp\/v2\/categories?post=3892"},{"taxonomy":"post_tag","embeddable":true,"href":"https:\/\/coopcomin.org\/cominvolo\/wp-json\/wp\/v2\/tags?post=3892"}],"curies":[{"name":"wp","href":"https:\/\/api.w.org\/{rel}","templated":true}]}}