{"id":3687,"date":"2024-02-15T11:00:39","date_gmt":"2024-02-15T11:00:39","guid":{"rendered":"https:\/\/coopcomin.org\/cominvolo\/?p=3687"},"modified":"2024-03-23T09:18:58","modified_gmt":"2024-03-23T09:18:58","slug":"organizzare-lequipaggio","status":"publish","type":"post","link":"https:\/\/coopcomin.org\/cominvolo\/2024\/02\/15\/organizzare-lequipaggio\/","title":{"rendered":"Organizzare l&#8217;equipaggio"},"content":{"rendered":"\n<p><strong><strong>Ridefinizione delle regole del lavoro<\/strong><\/strong><\/p>\n\n\n\n<p>L\u2019aumento del numero dei soci lavoratori ha comportato l\u2019esigenza di chiarire pi\u00f9 in dettaglio le regole del lavoro, per prevenire e\/o far fronte ad eventuali conflitti tra i soci riguardo alla gestione del lavoro. Impegno delicato anche in considerazione della cultura costruita negli anni dalla cooperativa a questo riguardo.<\/p>\n\n\n\n<p>Si legge nella <strong><a href=\"https:\/\/coopcomin.org\/cominvolo\/wp-content\/uploads\/2024\/02\/5-1-FINE-MANDATO-07.pdf\">Relazione di fine mandato 2007<\/a><\/strong> del Cda: <em>\u201cil tema del lavoro in cooperativa ha rappresentato un importante e complesso capitolo di riflessione per tutto il triennio. Il momento centrale di questo percorso \u00e8 rappresentato dallo stage dei Resinelli del novembre 2005. \u00c8 stato un fine settimana di lavoro intenso: ricchi di significato i contenuti emersi, efficace il metodo di lavoro; alta la partecipazione e il coinvolgimento. Anche dopo lo stage \u00e8 proseguito il percorso di approfondimento che ha portato all\u2019approvazione assembleare (ottobre 2006) di un documento condiviso nel quale si definiscono con chiarezza spirito e regole del lavoro nella nostra cooperativa.\u201d<\/em>\u00a0<\/p>\n\n\n\n<p>Il primo elemento di miglioramento di questo triennio riguardo alla gestione del lavoro \u00e8 da vedersi nella costituzione e nel consolidamento del <em>Gruppo Personale<\/em>: \u00e8 composto dai referenti dei settori per la gestione del lavoro oltre al coordinatore della cooperativa ed ha il compito di rendere possibile l\u2019utilizzo pi\u00f9 efficace del lavoro dei soci, valorizzando le capacit\u00e0 e le aspettative specifiche di ciascuno, di facilitare il superamento di eventuali momenti di fatica di singoli o di equipe e di integrare le diverse modalit\u00e0 di lavoro di ogni settore. Il Gruppo personale ha svolto la regia in questo processo di definizione delle regole.<\/p>\n\n\n\n<p>\u00c8 da ribadire a questo proposito la nostra ferma convinzione della necessit\u00e0 di affiancare alla definizione delle regole interne del lavoro anche un impegno culturale rivolto all\u2019esterno con l\u2019obiettivo di favorire un ripensamento complessivo riguardo alla marginalit\u00e0 del lavoro sociale nel sistema socio- politico, che ci pone nella schiera dei <em>milleuristi<\/em>. Per questo si sostiene all\u2019interno delle federazioni di cui facciamo parte la necessit\u00e0 di sviluppare un dibattito importante e visibile nel Paese a questo proposito.<\/p>\n\n\n\n<p>Dicevamo che la definizione delle regole del lavoro \u00e8 per noi questione delicata. Si legge nella premessa del documento <strong><a href=\"https:\/\/coopcomin.org\/cominvolo\/wp-content\/uploads\/2024\/02\/5-2-DallA-alla-T-con-modifiche-approvate-in-Assemblea-Soci.pdf\">Dalla A alla T \u2026: istruzioni per l\u2019uso per una piena condivisione delle regole sul lavoro in Comin<\/a><\/strong> che rappresenta la conclusione di questo processo e che viene approvato dall\u2019Assemblea dei soci nell\u2019ottobre del 2006: \u201c<em>C\u2019\u00e8 una sorta di \u2018pudore\u2019 a parlare di regole sul lavoro in Comin, anche se in realt\u00e0 non ci muoviamo in un vuoto normativo: esistono regole di servizio, prassi condivise e, rispetto alle norme generali, il Codice Etico della Cooperativa. L\u2019esperienza del passato ci mostra per\u00f2 come la carenza di criteri abbia spesso prodotto sia prassi che nel tempo si sono rivelate non funzionali (un esempio: lo splafonamento di ore svincolato dal budget del Servizio\u2026), sia situazioni di malessere, fatica con costi elevati per alcune persone\u2026 Pu\u00f2 essere \u2018faticoso\u2019 parlarne ma l\u2019intento non \u00e8 certo quello di scolpire su pietra norme di comportamento. In un\u2019organizzazione cos\u00ec complessa ed articolata come sempre di pi\u00f9 la Comin sta diventando, \u00e8 necessario individuare criteri\/orientamenti condivisi cui fare riferimento, pur in un\u2019ottica dinamica, proprio per garantire ad ogni Socio lavoratore equit\u00e0 nella risoluzione delle questioni lavorative che via via si pongono. Siamo consapevoli che non si potr\u00e0 dare risposta a tutti i problemi aperti, n\u00e9 riteniamo positivo per noi burocratizzarci eccessivamente, ma crediamo che il nominarli e problematizzarli gi\u00e0 crei lo spazio perch\u00e9 se ne possa parlare apertamente e promuova il senso di responsabilit\u00e0 e autoimprenditorialit\u00e0 di ciascun Socio. (Da qui il titolo dalla A alla T, per indicare che non \u00e8 un lavoro concluso). Vi \u00e8 poi un ultimo aspetto che ci preme evidenziare in sede di premessa. Mentre richiamiamo ancora il Codice etico del lavoro in Comin come fondamento valoriale che vuole informare organizzazione e regole gestionali, ci piace richiamare tra gli altri questo assunto di base: l\u2019obiettivo prioritario del lavoro \u00e8 rispondere con efficacia ai bisogni delle persone che accogliamo e con cui lavoriamo. Abbiamo, per\u00f2, la chiara consapevolezza che questo porre l\u2019accento sui bisogni\/ diritti delle persone a cui ci rivolgiamo non \u00e8 contrapposto, anzi presuppone, la continua tensione a rendere possibili, pur nel quadro attuale, condizioni di lavoro che garantiscano il pi\u00f9 possibile situazioni di benessere per i soci lavoratori. \u00c8 quindi elemento necessario per rendere possibile un lavoro sociale di qualit\u00e0 che siano garantite agli operatori condizioni di lavoro eque. Abbiamo, per\u00f2, recentemente avvertito la necessit\u00e0 di affermare come, secondo il nostro approccio, non sia possibile fare il lavoro sociale perch\u00e9 \u201cgarantiti\u201d: si intende dire che quando qualcuno, al di l\u00e0 di momenti transitori di stanchezza, non abbia pi\u00f9 la motivazione o non sia pi\u00f9 idoneo alla relazione con le persone con cui lavora, in generale non pu\u00f2 pi\u00f9 continuare solo perch\u00e9 questo \u00e8 il suo lavoro. Questo da una parte richiede consapevolezza e sincerit\u00e0 nei singoli soci e dall\u2019altra condizioni organizzative che rendano possibile il discernimento e le decisioni difficili, definendo e legittimando ambiti e percorsi.<\/em> <em>Aspetto importante da precisare \u00e8 l\u2019attenzione e l\u2019investimento sul percorso professionale di ciascun socio e un metodo di lavoro che garantisca strumenti idonei di supervisione nel quotidiano come in eventuali momenti acuti di difficolt\u00e0.\u201d<\/em><\/p>\n\n\n\n<p>Un momento importante del processo triennale che ha portato alla definizione e all\u2019approvazione di questo documento \u00e8 da vedere, come detto, nello <em>Stage Resinelli<\/em> del novembre 2005. Vedi <strong><a href=\"https:\/\/coopcomin.org\/cominvolo\/wp-content\/uploads\/2024\/02\/5-3-Proposta-per-lo-Stage-resinelli.pdf\">Proposta per lo stage<\/a><\/strong><\/p>\n\n\n\n<p>Nella sezione<em> Approfondimenti<\/em> \u00e8 possibile leggere nel dettaglio i Contenuti emersi nello Stage. Qui riportiamo in sintesi l\u2019impostazione generale del lavoro e alcune tra quelle che ci paiono le acquisizioni pi\u00f9 significative.&nbsp;<\/p>\n\n\n\n<p>Lo stage \u00e8 introdotto da una<a href=\"https:\/\/coopcomin.org\/cominvolo\/wp-content\/uploads\/2024\/02\/5-4-Relazione-del-coordinamento.pdf\"> <strong>Relazione del coordinamento<\/strong><\/a> (cda della cooperativa) che presenta i fondamenti del lavoro in Comin sulla falsariga di quanto esposto sopra. Le relazioni successive cercano di presentare un quadro reale delle condizioni del lavoro nella nostra cooperativa: dapprima la <strong><a href=\"https:\/\/coopcomin.org\/cominvolo\/wp-content\/uploads\/2024\/02\/5-5-Relazione-Gruppo-personale.pdf\">Relazione del Gruppo personale<\/a><\/strong> presenta alcuni dati quantitativi oltre a definire nel dettaglio i propri compiti. Molto colorite le narrazioni delle condizioni specifiche del<a href=\"https:\/\/coopcomin.org\/cominvolo\/wp-content\/uploads\/2024\/02\/5-6-Il-lavoro-delleducatore-in-comunita.pdf\"> <strong>Lavoro in comunit\u00e0<\/strong><\/a><strong>,<\/strong> del <strong><a href=\"https:\/\/coopcomin.org\/cominvolo\/wp-content\/uploads\/2024\/02\/5-7-ADM-e-Gruppi.pdf\">Lavoro in ADM e nei gruppi<\/a><\/strong> oppure nel <strong><a href=\"https:\/\/coopcomin.org\/cominvolo\/wp-content\/uploads\/2024\/02\/5-9-il-lavoro-con-le-famiglie-accoglienti.pdf\">Lavoro con le famiglie affidatarie<\/a>. <\/strong>Simpatica anche <strong><a href=\"https:\/\/coopcomin.org\/cominvolo\/wp-content\/uploads\/2024\/02\/5-8-Lenigmmistica-del-Settore-Prevenzione.pdf\">L\u2019enigm(istic)a del settore prevenzione<\/a><\/strong> che presenta le condizioni fluide del lavoro nei servizi di questo settore. Questo il lavoro del sabato mattina. Al pomeriggio i soci si sono potuti confrontare divisi a gruppi di riflessione allo scopo di far emergere vissuti e punti di vista specifici di ciascuno. Gli esiti di questi confronti sono riportati nella <strong><a href=\"https:\/\/coopcomin.org\/cominvolo\/wp-content\/uploads\/2024\/02\/5-10-SINTESI-DEI-GRUPPI-DI-LAVORO.pdf\">Relazione dei gruppi di lavoro<\/a><\/strong>.<\/p>\n\n\n\n<p>I lavori di domenica sono introdotti dalla <strong><a href=\"https:\/\/coopcomin.org\/cominvolo\/wp-content\/uploads\/2024\/02\/5-11-RELAZIONE-FINALE-Di-KANEKLIN.pdf\">Relazione conclusiva del dott. Kaneklin<\/a><\/strong> che, a partire dalla restituzione dei gruppi di lavoro e dal confronto con i conduttori dei gruppi, presenta propri spunti di lettura. Ricco ed interessante il contributo del professore che certamente non \u00e8 possibile riportare, anche se \u00e8 disponibile alla lettura. Qui possiamo in sintesi ricordare le quattro principali questioni da lui sollevate.\u00a0<\/p>\n\n\n\n<ul class=\"wp-block-list\">\n<li>Il primo nucleo su cui riflettere \u00e8 proprio la Comin: perch\u00e9 ci mettiamo assieme in Comin? la Comin \u00e8 un\u2019organizzazione in movimento, ci sono segni che qualcosa si sta modificando: bisogna rintracciare quali sono i segni di questo movimento;<\/li>\n\n\n\n<li>La seconda problematica \u00e8 rappresentata dalla sfida dell\u2019integrazione: equipe, settori, macro organizzazione. Inserimento dei nuovi e integrazione con la cultura costruita;<\/li>\n\n\n\n<li>Il terzo tema \u00e8 il fare politica: Comin e il suo rapporto con la societ\u00e0 civile. La Comin a questo proposito \u00e8 ovviamente piccola realt\u00e0. Necessit\u00e0 di creare connessioni. Prendere potere per dare agli altri il gusto di riappropriarsi del proprio potere;<\/li>\n\n\n\n<li>L\u2019ultima questione su cui sembra importante riflettere \u00e8: chi gestisce le persone? La questione dei ruoli, soprattutto dei ruoli di coordinamento. Il coordinatore \u00e8 una persona attenta ai luoghi in cui \u00e8 possibile elaborare le divergenze, i conflitti, in cui \u00e8 possibile interpretare dei dati e delle informazioni, condividere o meno il progetto. Una persona che \u00e8 pi\u00f9 attenta a questo ambito della tutela degli spazi entro cui \u00e8 possibile \u201celaborare le cose\u201d, \u00e8 anche attenta alla questione dei confini.<\/li>\n<\/ul>\n\n\n\n<p>Non \u00e8 possibile attendersi dal lavoro di confronto e formazione di uno Stage l\u2019obiettivo di arrivare alla definizione operativa di soluzioni concrete ai problemi posti. \u00c8 infatti proseguito nei mesi successivi un lavoro di approfondimento nel tentativo di arrivare alla definizione di regole per il lavoro in Comin.<\/p>\n\n\n\n<p>Un momento centrale di confronto su questioni generali, consiste in una giornata seminariale interna organizzata dal <em>Gruppo Personale<\/em> dal titolo <em>\u201cIMPRENDITORIALIT\u00c0 DEL SOCIO, CENTRALIT\u00c0 DELL\u2019\u00c9QUIPE, FUNZIONI DI COORDINAMENTO\u201d.<\/em> Sono disponibili nella sezione Approfondimenti gli <strong><a href=\"https:\/\/coopcomin.org\/cominvolo\/wp-content\/uploads\/2024\/02\/5-12-ATTI-SEMINARIO-1-APRILE-2006.pdf\">Atti del seminario<\/a><\/strong>.<\/p>\n\n\n\n<p>Come ricordato all\u2019inizio, la conclusione di questo percorso di approfondimento \u00e8 rappresentata dall\u2019approvazione da parte dell\u2019Assemblea dei soci nell\u2019ottobre del 2006 del documento <strong><a href=\"https:\/\/coopcomin.org\/cominvolo\/wp-content\/uploads\/2024\/02\/5-2-DallA-alla-T-con-modifiche-approvate-in-Assemblea-Soci.pdf\">Dalla A alla T \u2026: Istruzioni per l\u2019uso per una piena condivisione delle regole sul lavoro in Comin<\/a> <\/strong>che chi \u00e8 interessato pu\u00f2 consultare tra gli <em>Approfondimenti.<\/em><\/p>\n\n\n\n<blockquote class=\"wp-block-quote is-layout-flow wp-block-quote-is-layout-flow\">\n<p><\/p>\n<\/blockquote>\n","protected":false},"excerpt":{"rendered":"<p>Ridefinizione delle regole del lavoro<\/p>\n","protected":false},"author":4,"featured_media":3747,"comment_status":"closed","ping_status":"open","sticky":false,"template":"","format":"standard","meta":{"_et_pb_use_builder":"off","_et_pb_old_content":"","_et_gb_content_width":"","rop_custom_images_group":[],"rop_custom_messages_group":[],"rop_publish_now":"initial","rop_publish_now_accounts":[],"rop_publish_now_history":[],"rop_publish_now_status":"pending","neve_meta_sidebar":"","neve_meta_container":"","neve_meta_enable_content_width":"","neve_meta_content_width":0,"neve_meta_title_alignment":"","neve_meta_author_avatar":"","neve_post_elements_order":"","neve_meta_disable_header":"","neve_meta_disable_footer":"","neve_meta_disable_title":"","neve_meta_reading_time":"","_jetpack_memberships_contains_paid_content":false,"footnotes":""},"categories":[256],"tags":[152,87,178,179,239],"class_list":["post-3687","post","type-post","status-publish","format-standard","has-post-thumbnail","hentry","category-cap-17-naviganti","tag-accoglienza","tag-comin","tag-comunita-poesia-messaggi","tag-educatori","tag-volontari"],"jetpack_featured_media_url":"https:\/\/i0.wp.com\/coopcomin.org\/cominvolo\/wp-content\/uploads\/2024\/02\/image-2-1.png?fit=600%2C493&ssl=1","jetpack_sharing_enabled":true,"_links":{"self":[{"href":"https:\/\/coopcomin.org\/cominvolo\/wp-json\/wp\/v2\/posts\/3687","targetHints":{"allow":["GET"]}}],"collection":[{"href":"https:\/\/coopcomin.org\/cominvolo\/wp-json\/wp\/v2\/posts"}],"about":[{"href":"https:\/\/coopcomin.org\/cominvolo\/wp-json\/wp\/v2\/types\/post"}],"author":[{"embeddable":true,"href":"https:\/\/coopcomin.org\/cominvolo\/wp-json\/wp\/v2\/users\/4"}],"replies":[{"embeddable":true,"href":"https:\/\/coopcomin.org\/cominvolo\/wp-json\/wp\/v2\/comments?post=3687"}],"version-history":[{"count":3,"href":"https:\/\/coopcomin.org\/cominvolo\/wp-json\/wp\/v2\/posts\/3687\/revisions"}],"predecessor-version":[{"id":3743,"href":"https:\/\/coopcomin.org\/cominvolo\/wp-json\/wp\/v2\/posts\/3687\/revisions\/3743"}],"wp:featuredmedia":[{"embeddable":true,"href":"https:\/\/coopcomin.org\/cominvolo\/wp-json\/wp\/v2\/media\/3747"}],"wp:attachment":[{"href":"https:\/\/coopcomin.org\/cominvolo\/wp-json\/wp\/v2\/media?parent=3687"}],"wp:term":[{"taxonomy":"category","embeddable":true,"href":"https:\/\/coopcomin.org\/cominvolo\/wp-json\/wp\/v2\/categories?post=3687"},{"taxonomy":"post_tag","embeddable":true,"href":"https:\/\/coopcomin.org\/cominvolo\/wp-json\/wp\/v2\/tags?post=3687"}],"curies":[{"name":"wp","href":"https:\/\/api.w.org\/{rel}","templated":true}]}}