{"id":3650,"date":"2024-02-15T11:33:29","date_gmt":"2024-02-15T11:33:29","guid":{"rendered":"https:\/\/coopcomin.org\/cominvolo\/?p=3650"},"modified":"2025-09-02T15:13:29","modified_gmt":"2025-09-02T15:13:29","slug":"password-2","status":"publish","type":"post","link":"https:\/\/coopcomin.org\/cominvolo\/2024\/02\/15\/password-2\/","title":{"rendered":"Password 2"},"content":{"rendered":"\n<p>Per presentare le parole emblematiche usate all\u2019inizio degli anni duemila ci riferiamo a due documenti&nbsp; costruiti e approvati in modo collegiale proprio per rappresentare le istanze operative di Comin: 1) La definizione di <em>Mission e valori operativi<\/em>, divenuta nel tempo il documento introduttivo dei bilanci sociali di ogni anno proprio allo scopo di rappresentare l\u2019elemento con cui confrontarsi per valutare la congruit\u00e0 delle azioni poste in atto con l\u2019obiettivo fondante la presenza di Comin; 2) <em>Il Codice etico del lavoro in Comin<\/em><\/p>\n\n\n\n<p><em><strong>Mission e Valori operativi<\/strong><\/em><\/p>\n\n\n\n<p>I nostri Bilanci sociali sono introdotti dalla definizione della Mission e dei valori operativi della cooperativa, in quanto ritenuti i criteri sulla base dei quali tutti potevano valutare l\u2019efficacia e la rispondenza del lavoro prodotto. Per questo riteniamo opportuno riportare queste parole, in quanto sintesi condivisa e ufficiale che riporta le istanze definite in quegli anni.<\/p>\n\n\n\n<p>Partiamo dalla definizione condivisa della<em> Mission:<\/em><\/p>\n\n\n\n<p>&#8220;<em>La Comin \u00e8 una cooperativa sociale di solidariet\u00e0 che promuove<\/em> <em>ed organizza interventi rivolti ai minori e alla famiglia; vuole offrire occasioni di aiuto a famiglie in situazione di grave difficolt\u00e0 e contribuire allo sviluppo di una comunit\u00e0 sociale pi\u00f9 matura, pi\u00f9 attenta e sensibile ai bisogni-diritti dei piccoli.&#8221;<\/em><\/p>\n\n\n\n<p>Per passare all\u2019esposizione dei <em>Valori operativi:<\/em><\/p>\n\n\n\n<p><em><strong>ACCOGLIERE<\/strong>: <\/em>per noi ha significato inizialmente offrire un luogo accogliente e sereno ai bambini che vivono storie di allontanamento dalla propria famiglia, al fine di evitare loro il ricovero in istituto. In seguito abbiamo declinato il valore dell\u2019accoglienza anche attraverso altri servizi.<\/p>\n\n\n\n<p><em><strong>FARE CON<\/strong><\/em>: la logica che guida i nostri interventi non \u00e8 quella delle soluzioni \u201cdate\u201d, ma delle soluzioni \u201ctrovate insieme\u201d a chi vive un problema. Affiancare le famiglie che si trovano in difficolt\u00e0 significa condividere e rispettare la loro storia come unica ed irripetibile sollecitando risorse e potenzialit\u00e0 inespresse.<\/p>\n\n\n\n<p><strong>GA<em>RANTIRE LA QUALITA\u2019<\/em><\/strong>: per noi significa promuovere negli operatori la consapevolezza del loro ruolo educativo; operare sulla base di progetti compiutamente definiti, supportare i soci con momenti di formazione e aggiornamento, nell\u2019interesse primario di chi si trova in difficolt\u00e0.<\/p>\n\n\n\n<p><em><strong>COOPERARE<\/strong><\/em>: essere una cooperativa per noi \u00e8 una scelta ricca di senso, \u00e8 la possibilit\u00e0 di garantire la trasparenza delle decisioni e di assicurare la compartecipazione e la corresponsabilit\u00e0 di tutti i soci nel raggiungimento di obiettivi comuni.<\/p>\n\n\n\n<p><em><strong>COSTRUIRE APPARTENENZA<\/strong><\/em>: crediamo che per realizzare percorsi di prevenzione sia necessario \u201cabitare\u201d luoghi di normalit\u00e0 e benessere; occorre quindi favorire occasioni di incontro e relazione dando vita a contesti comunitari capaci di esprimere solidariet\u00e0.<\/p>\n\n\n\n<p><em><strong>FARE CULTURA<\/strong><\/em>: con i nostri interventi non vogliamo solo accogliere i minori che ci sono affidati ma affrontare la tematica minorile nella sua complessit\u00e0, in collaborazione con l\u2019Ente pubblico e con altre realt\u00e0 che si muovono verso i nostri stessi obiettivi (es. CNCA).<\/p>\n\n\n\n<p>Fa piacere segnalare come queste stesse parole siano<\/p>\n\n\n\n<p>\u00a0state usate all\u2019inizio del volumetto <strong><a href=\"https:\/\/coopcomin.org\/cominvolo\/wp-content\/uploads\/2024\/01\/2-1-Presentazione-Cooperativa-Comin-03.pdf\">COOPERATIVA COMIN \u2013 Presenza sociale ed interventi a favore dei minori e della famiglia<\/a><\/strong><em>,<\/em> pubblicato nei primi anni 2000 per una presentazione sintetica della nostra storia. <\/p>\n\n\n\n<p><em><strong>Il Codice etico del lavoro in Comin<\/strong><\/em><\/p>\n\n\n\n<p>Riteniamo che il <em>Codice etico del lavoro in Comin<\/em> si sia dimostrato negli anni uno strumento per definire il significato che attribuiamo al lavoro nella nostra cooperativa e uno strumento per orientare i soci nel loro operare. Ne \u00e8 prova il fatto che Comin nell\u2019attuazione della propria presenza abbiamo avvertito l\u2019esigenza di modificare contenuti e parole per esprimere con pi\u00f9 compiutezza i significati attribuiti al nostro lavoro di fronte al mutare del contesto e al crescere della nostra consapevolezza. Per questo ci pare opportuno, per ricordare pensieri e parole che guidavano lo sviluppo della cooperativa all\u2019inizio del 2000, proporre la lettura integrale del primo codice etico del lavoro approvato proprio in quegli anni.<\/p>\n\n\n\n<p><em><strong>CODICE ETICO del LAVORO in COMIN<\/strong><\/em><\/p>\n\n\n\n<p><strong>PREMESSA<\/strong><\/p>\n\n\n\n<p>Nel momento in cui ci troviamo chiamati a definire le regole che governano il lavoro all\u2019interno della nostra cooperativa, riteniamo necessario esporre nei dieci punti che seguono i principi di fondo che definiscono il nostro lavoro cooperativo. \u00c8 con un atteggiamento di semplicit\u00e0 che assumiamo come riferimento per il nostro lavoro i parametri che seguono. Pur scoprendoci ogni giorno lontani da una loro compiuta attuazione, sappiamo che questa \u00e8 per noi la strada per dare efficacia, senso e giusto sapore al lavoro che quotidianamente svolgiamo e per attribuire significato ai percorsi di sviluppo che intendiamo praticare.<\/p>\n\n\n\n<ol class=\"wp-block-list\">\n<li><strong><em>ESSERE SOCIO<\/em><\/strong><\/li>\n<\/ol>\n\n\n\n<p>\u00c8 elemento basilare della nostra concezione del lavoro e pilastro su cui si fonda la nostra organizzazione, lavorare esclusivamente cooperando tra persone che intendono il proprio lavoro come qualcosa che appartiene a loro stesse e di cui sono responsabili in ogni aspetto, e non come una semplice prestazione fornita nell\u2019interesse di altri, in cambio di denaro.&nbsp;<\/p>\n\n\n\n<p>Essere socio \u00e8 quindi un\u2019imprescindibile condizione di appartenenza che si realizza inizialmente soprattutto nel servizio in cui direttamente si opera, ma \u00e8 anche un percorso di coinvolgimento sempre pi\u00f9 ampio cui ciascuno \u00e8 sollecitato, cos\u00ec da acquisire progressivamente, a partire dalla propria situazione e dalle proprie convinzioni e nei modi soggettivamente possibili, maggiore consapevolezza e corresponsabilit\u00e0 all&#8217;interno della cooperativa nella sua globalit\u00e0 e complessit\u00e0.&nbsp;<\/p>\n\n\n\n<ol start=\"2\" class=\"wp-block-list\">\n<li><strong><em>AUTOIMPRENDITORIALITA\u2019 E CORRESPONSABILITA\u2019<\/em><\/strong><\/li>\n<\/ol>\n\n\n\n<p>Mettere al centro la soggettivit\u00e0 di chi opera \u00e8 la modalit\u00e0 di lavoro che maggiormente facilita relazioni efficaci sul piano pedagogico. Parimenti \u00e8 necessario che tale soggettivit\u00e0 si attui attraverso prassi di effettiva collegialit\u00e0 con i propri colleghi e con il resto della cooperativa. Questo pone l\u2019\u00e9quipe di lavoro come pilastro portante del modello gestionale del lavoro, nella definizione delle scelte a livello pedagogico, organizzativo, strategico ed anche economico. Per questo ogni \u00e9quipe di lavoro, pur nella possibile diversit\u00e0 di ruoli o funzioni, \u00e8 impostata nell\u2019ottica di una reale corresponsabilit\u00e0 tra i soci che la compongono.<\/p>\n\n\n\n<ol start=\"3\" class=\"nv-cv-m wp-block-list\">\n<li><strong><em>CENTRALITA&#8217; DEL PROGETTO COOPERATIVO<\/em><\/strong><\/li>\n<\/ol>\n\n\n\n<p>Mettere al centro la soggettivit\u00e0 di chi opera presuppone la condizione che vi sia la possibilit\u00e0 che la riflessione e la decisionalit\u00e0 di chi \u00e8 immerso nel quotidiano possano essere affiancate da un punto di vista \u201caltro\u201d, pi\u00f9 attento ad una visione complessiva. Questa visione complessiva che tiene presente la mission della cooperativa e del servizio, l\u2019interesse dell\u2019utenza, della committenza, della cooperativa, della comunit\u00e0 sociale\u2026, anche se presente nei soci che operano nel servizio, va garantita anche attraverso il contributo di altri soggetti della cooperativa, per assicurare stretta connessione e controllo.&nbsp;<\/p>\n\n\n\n<p>\u00c8, d\u2019altra parte, basilare, per il funzionamento del nostro modello organizzativo, la partecipazione di ogni socio alla definizione degli obiettivi generali e delle linee operative della cooperativa.<\/p>\n\n\n\n<ol start=\"4\" class=\"nv-cv-m wp-block-list\">\n<li><strong><em>TRASPARENZA GESTIONALE E CIRCOLAZIONE DELLE INFORMAZIONI&nbsp;<\/em><\/strong><\/li>\n<\/ol>\n\n\n\n<p>E&#8217; obiettivo prioritario rendere possibile la partecipazione dei soci alla definizione delle strategie generali e degli obiettivi di lavoro della cooperativa. Determinante a questo riguardo \u00e8 la messa in opera di un adeguato flusso delle informazioni tra i soci per mettere tutti nella condizione di partecipare con competenza ai processi decisionali. Obiettivo ma anche condizione preliminare a questo proposito \u00e8 l&#8217;attuazione di modalit\u00e0 di gestione trasparenti sia nei confronti dei soci come pi\u00f9 in generale di tutta la comunit\u00e0 sociale. Strumento importante a questo riguardo \u00e8 la stesura di un bilancio sociale pubblico.<\/p>\n\n\n\n<ol start=\"5\" class=\"nv-cv-d nv-cv-m wp-block-list\">\n<li><strong><em>PROFESSIONALITA\u2019\/ QUALITA\u2019\/ RISPONDENZA AL BISOGNO<\/em><\/strong><\/li>\n<\/ol>\n\n\n\n<p>Punto di partenza del nostro lavoro \u00e8 riconoscere la soggettivit\u00e0 delle persone con cui entriamo in relazione, rispettarne la storia unica e irripetibile, porre in atto nella relazione con loro dinamiche di reale rispondenza al bisogno. Parte da qui e in quest\u2019ottica deve essere letto l\u2019obiettivo di garantire interventi di reale qualit\u00e0 attraverso:<\/p>\n\n\n\n<ul class=\"nv-cv-d nv-cv-m wp-block-list\">\n<li>la correttezza metodologica: operare sulla base di progetti compiutamente definiti a partire dall&#8217;analisi della situazione reale, dei bisogni e delle risorse presenti, concordando gli obiettivi prioritari ed effettivamente conseguibili, esplicitando le metodologie d&#8217;intervento, gli indicatori e gli strumenti di verifica;<\/li>\n\n\n\n<li>la professionalit\u00e0 degli operatori, intesa come reale competenza, consapevolezza rispetto a s\u00e9, all\u2019altro e al contesto, disponibilit\u00e0 ad esserci.<\/li>\n\n\n\n<li>la garanzia per i soci di adeguati momenti di supervisione e di formazione permanente.<\/li>\n<\/ul>\n\n\n\n<p>Porre in atto servizi con l\u2019obiettivo di una reale rispondenza al bisogno dei fruitori presuppone la disponibilit\u00e0 ad un\u2019organizzazione del lavoro che sappia adattarsi al mutare delle situazioni senza ancorarsi a rigidi schemi organizzativi predefiniti.<\/p>\n\n\n\n<ol start=\"6\" class=\"nv-cv-d nv-cv-m wp-block-list\">\n<li><strong><em>RAPPORTO CON IL TERRITORIO E LE ISTITUZIONI: SIGNIFICATO POLITICO DEL NOSTRO LAVORO<\/em><\/strong><\/li>\n<\/ol>\n\n\n\n<p>&nbsp;Siamo consapevoli, come espresso nell\u2019articolo 1 della legge 381\\91, di svolgere attraverso il nostro lavoro e la nostra presenza nella comunit\u00e0 sociale anche uno specifico ruolo politico. Per questo diventa fondamentale sviluppare una collaborazione positiva e competente con l\u2019Ente Pubblico, nella cui rete di servizi ci riteniamo inseriti, al fine di contribuire alla definizione e all\u2019attuazione di politiche sociali coerenti ed eque. Parallelamente risulta efficace nel lavoro un atteggiamento di apertura e collaborazione con le persone e le realt\u00e0 sociali presenti nella comunit\u00e0. Questo nella consapevolezza che lo sviluppo di comunit\u00e0 sociali pi\u00f9 vivaci, solidali e competenti \u00e8 il presupposto essenziale per cercare risposte alle problematiche per le quali la nostra cooperativa lavora.&nbsp;<\/p>\n\n\n\n<p>In quest\u2019ottica diventa qualificante per il nostro modo di lavorare un costante atteggiamento di riflessione e di elaborazione di nuove progettualit\u00e0 al fine di mantenere i nostri interventi efficaci nei confronti del bisogno che muta o della lettura, pure mutevole, che di esso ne fa la comunit\u00e0.<\/p>\n\n\n\n<p>Questo forte radicamento locale \u00e8 consapevole della dimensione globale che oggi assumono nel mondo i rapporti socio- economici e cerca pertanto di connotarsi anche alla luce di questa consapevolezza per incidere sulle politiche sociali a favore della promozione e del rispetto dei diritti di tutta la comunit\u00e0 sociale, e in particolare dei soggetti pi\u00f9 deboli.&nbsp;<\/p>\n\n\n\n<ol start=\"7\" class=\"nv-cv-d nv-cv-m wp-block-list\">\n<li><strong><em>&nbsp;INTEGRAZIONE E COLLABORAZIONE CON ALTRE REALTA\u2019<\/em><\/strong><\/li>\n<\/ol>\n\n\n\n<p>Riteniamo pi\u00f9 confacente alla nostra concezione del lavoro e soprattutto pi\u00f9 rispondente allo sviluppo di politiche sociali efficaci instaurare con le cooperative e le altre realt\u00e0 del Privato sociale che incontriamo nel nostro lavoro un rapporto che sappia uscire dalle logiche di concorrenzialit\u00e0 che il mercato vorrebbe imporre, per attuare forme diffuse e larghe di collaborazione sia sul piano imprenditoriale che su quello sociale, culturale e politico. Sta infatti nella diffusione e nella condivisione dei sogni, dei saperi e delle progettualit\u00e0 la strategia pi\u00f9 idonea per sostenere con efficacia lo sviluppo di politiche sociali eque nell\u2019attuale quadro politico, sociale ed economico.<\/p>\n\n\n\n<ol start=\"8\" class=\"nv-cv-d nv-cv-m wp-block-list\">\n<li><strong><em>BENESSERE DEI SOCI- CONDIZIONI EQUE DI LAVORO&nbsp;<\/em><\/strong><\/li>\n<\/ol>\n\n\n\n<p>Nel sottolineare la necessit\u00e0 di porre in atto dinamiche di lavoro atte a garantire il benessere delle persone con cui ci relazioniamo, \u00e8 importante anche rendere possibili ambiti di lavoro, connotati da un clima di benessere, che inserisca la fatica del proprio lavoro in un progetto consapevole, condiviso, coerente ed equo per tutti. Per questo nella presenza nel mercato e nella propria gestione economica la cooperativa assume come obiettivo prioritario poter garantire ai soci condizioni lavorative eque.&nbsp;<\/p>\n\n\n\n<p>\u00c8 caratteristica del sistema retributivo della cooperativa riconoscere, anche a questo livello, il regime di responsabilit\u00e0 diffusa e condivisa proprio della nostra cooperativa.&nbsp;<\/p>\n\n\n\n<p>Il lavoro di supervisione poi, momento indispensabile nella nostra metodologia di lavoro, assume tra i suoi obiettivi anche quello di mantenere costante l\u2019attenzione sul livello di benessere dei soci nello svolgimento del proprio lavoro.<\/p>\n\n\n\n<ol start=\"9\" class=\"nv-cv-d nv-cv-m wp-block-list\">\n<li><strong><em>PARTECIPAZIONE\/CONTROLLO AL NOSTRO LAVORO DA PARTE DELLA COMUNITA\u2019 SOCIALE&nbsp;<\/em><\/strong><\/li>\n<\/ol>\n\n\n\n<p>La logica che guida i nostri interventi non \u00e8 quella delle soluzioni \u201cdate\u201d, ma delle soluzioni &#8220;trovate insieme&#8221; a chi vive il problema; non \u00e8 quella delle strategie univoche e prefabbricate, ma quella dell\u2019ascolto e della comprensione. Affiancare i soggetti in difficolt\u00e0 significa infatti saperne sollecitare le risorse e le potenzialit\u00e0 inespresse, affinch\u00e9 essi stessi possano progressivamente divenire artefici del proprio benessere. Ascoltare le istanze emergenti dalla comunit\u00e0 sociale e valorizzarne le competenze ci sembra infatti il primo, fondamentale, passo per varcare la soglia del cambiamento.<\/p>\n\n\n\n<p>Sulla base di questa istanza e nella consapevolezza dello specifico ruolo politico che ci contraddistingue \u00e8 nostra intenzione impostare il lavoro in modo da favorire:<\/p>\n\n\n\n<ul class=\"nv-cv-d nv-cv-m wp-block-list\">\n<li>la partecipazione alla programmazione e alla gestione degli interventi da parte delle persone coinvolte in essi, nei modi e nelle forme idonei in ogni specifico contesto.<\/li>\n\n\n\n<li>la conoscenza e la verifica da parte della comunit\u00e0 sociale sul nostro operato attraverso gli strumenti del bilancio sociale o di altre forme di rapporto pubblico sugli esiti del nostro lavoro.<\/li>\n\n\n\n<li>l\u2019inserimento nella cooperativa come soci volontari delle persone interessate a portare direttamente il loro contributo allo sviluppo della cooperativa.<\/li>\n<\/ul>\n\n\n\n<ol start=\"10\" class=\"nv-cv-d nv-cv-m wp-block-list\">\n<li><strong><em>ADESIONE AL CODICE ETICO DELLA COOPERAZIONE&nbsp;<\/em><\/strong><\/li>\n<\/ol>\n\n\n\n<p>La cooperativa aderisce al Codice etico della cooperazione definito da Confcooperative, che prevede tra i suoi principi fondamentali: Gestione democratica e partecipata, parit\u00e0 di condizioni tra i soci, trasparenza gestionale, attenzione alle dimensioni, territorialit\u00e0, specializzazione, valorizzazione generalizzata delle risorse umane, collaborazione ed integrazione tra cooperative.<\/p>\n","protected":false},"excerpt":{"rendered":"<p>Per presentare le parole emblematiche usate all\u2019inizio degli anni duemila ci riferiamo a due documenti&nbsp; costruiti e approvati in modo collegiale proprio per rappresentare le istanze operative di Comin: 1) La definizione di Mission e valori operativi, divenuta nel tempo il documento introduttivo dei bilanci sociali di ogni anno proprio allo scopo di rappresentare l\u2019elemento&hellip;&nbsp;<\/p>\n<div class=\"read-more-wrapper\"><a href=\"https:\/\/coopcomin.org\/cominvolo\/2024\/02\/15\/password-2\/\" class=\"button button-secondary\" rel=\"bookmark\">Leggi tutto \u00bb<span class=\"screen-reader-text\">Password 2<\/span><\/a><\/div>\n","protected":false},"author":2,"featured_media":3711,"comment_status":"closed","ping_status":"closed","sticky":false,"template":"","format":"standard","meta":{"_et_pb_use_builder":"","_et_pb_old_content":"","_et_gb_content_width":"","rop_custom_images_group":[],"rop_custom_messages_group":[],"rop_publish_now":"initial","rop_publish_now_accounts":[],"rop_publish_now_history":[],"rop_publish_now_status":"pending","neve_meta_sidebar":"","neve_meta_container":"","neve_meta_enable_content_width":"","neve_meta_content_width":0,"neve_meta_title_alignment":"","neve_meta_author_avatar":"","neve_post_elements_order":"","neve_meta_disable_header":"","neve_meta_disable_footer":"","neve_meta_disable_title":"","neve_meta_reading_time":"","_jetpack_memberships_contains_paid_content":false,"footnotes":""},"categories":[256,3],"tags":[],"class_list":["post-3650","post","type-post","status-publish","format-standard","has-post-thumbnail","hentry","category-cap-17-naviganti","category-la-nostra-storia"],"jetpack_featured_media_url":"https:\/\/i0.wp.com\/coopcomin.org\/cominvolo\/wp-content\/uploads\/2024\/02\/Password-2-1.jpg?fit=640%2C452&ssl=1","jetpack_sharing_enabled":true,"_links":{"self":[{"href":"https:\/\/coopcomin.org\/cominvolo\/wp-json\/wp\/v2\/posts\/3650","targetHints":{"allow":["GET"]}}],"collection":[{"href":"https:\/\/coopcomin.org\/cominvolo\/wp-json\/wp\/v2\/posts"}],"about":[{"href":"https:\/\/coopcomin.org\/cominvolo\/wp-json\/wp\/v2\/types\/post"}],"author":[{"embeddable":true,"href":"https:\/\/coopcomin.org\/cominvolo\/wp-json\/wp\/v2\/users\/2"}],"replies":[{"embeddable":true,"href":"https:\/\/coopcomin.org\/cominvolo\/wp-json\/wp\/v2\/comments?post=3650"}],"version-history":[{"count":2,"href":"https:\/\/coopcomin.org\/cominvolo\/wp-json\/wp\/v2\/posts\/3650\/revisions"}],"predecessor-version":[{"id":6109,"href":"https:\/\/coopcomin.org\/cominvolo\/wp-json\/wp\/v2\/posts\/3650\/revisions\/6109"}],"wp:featuredmedia":[{"embeddable":true,"href":"https:\/\/coopcomin.org\/cominvolo\/wp-json\/wp\/v2\/media\/3711"}],"wp:attachment":[{"href":"https:\/\/coopcomin.org\/cominvolo\/wp-json\/wp\/v2\/media?parent=3650"}],"wp:term":[{"taxonomy":"category","embeddable":true,"href":"https:\/\/coopcomin.org\/cominvolo\/wp-json\/wp\/v2\/categories?post=3650"},{"taxonomy":"post_tag","embeddable":true,"href":"https:\/\/coopcomin.org\/cominvolo\/wp-json\/wp\/v2\/tags?post=3650"}],"curies":[{"name":"wp","href":"https:\/\/api.w.org\/{rel}","templated":true}]}}