{"id":3311,"date":"2023-10-19T09:29:14","date_gmt":"2023-10-19T09:29:14","guid":{"rendered":"https:\/\/coopcomin.org\/cominvolo\/?p=3311"},"modified":"2025-09-02T13:30:36","modified_gmt":"2025-09-02T13:30:36","slug":"laffaire-anfiteatro","status":"publish","type":"post","link":"https:\/\/coopcomin.org\/cominvolo\/2023\/10\/19\/laffaire-anfiteatro\/","title":{"rendered":"L&#8217;Affaire Anfiteatro"},"content":{"rendered":"\n<p>Dietro agli spalti, interrati sotto la collina che fa da contrafforte alle spalle dell\u2019Anfiteatro, sono situati, ai lati di un cortiletto, due ampi spazi, destinati ad attivit\u00e0 sociali, a cui si accede attraverso il portone situato al centro degli spalti. La struttura fu edificata da un\u2019impresa edile a scomputo degli oneri concessori nel 1987. Il progetto convalidato in sede di accordo sullo scomputo degli oneri non era stato definito nei dettagli e lasciava all\u2019impresa ampi margini \u201cinterpretativi\u201d. Le conseguenze di questa leggerezza iniziale saranno devastanti sulla struttura:<\/p>\n\n\n\n<ul class=\"wp-block-list\">\n<li>le gradinate della cavea non furono impermeabilizzate causando l\u2019allagamento degli spazi sottostanti (adibiti a deposito) ogni volta che pioveva;<\/li>\n\n\n\n<li>gli impianti realizzati non furono mai allacciati alle pubbliche reti (acqua, energia elettrica, gas) rendendo impossibile l\u2019uso della struttura per una qualsiasi attivit\u00e0;<\/li>\n\n\n\n<li>non fu realizzata alcuna struttura che difendesse l\u2019immobile da possibili vandalismi (che purtroppo non si fecero attendere).<\/li>\n<\/ul>\n\n\n\n<p>Nel 1991 l\u2019impresa fu posta in liquidazione e il Comune, dopo un percorso contorto, si trov\u00f2 tra le mani l\u2019Anfiteatro. Rimandiamo per maggiori dettagli alla lettura della <strong><a href=\"https:\/\/coopcomin.org\/cominvolo\/wp-content\/uploads\/2023\/10\/2-1-Relazione-dellarchitetto.pdf\">relazione dell\u2019architetto<\/a><\/strong> presente negli Approfondimenti.<\/p>\n\n\n\n<p>Il Comune band\u00ec una gara per l\u2019assegnazione dell\u2019immobile, a cui Comin partecip\u00f2 come capofila di una serie di soggetti del territorio:<\/p>\n\n\n\n<ul class=\"wp-block-list\">\n<li>in primo luogo le cooperative sociali <em>Grado 16<\/em> e <em>La Cordata<\/em>, a tutti gli effetti copromotori del progetto;<\/li>\n\n\n\n<li>tre partner locali coinvolti in maniera organica nel progetto: l\u2019Associazione culturale <em>Villa Pallavicini, <\/em>L\u2019associazione sportiva <em>ACF Amici della Canoa Fluviale <\/em>e <em>Legambiente Crescenzago.<\/em><\/li>\n\n\n\n<li>era prevista inoltre la collaborazione di altre organizzazioni locali e cittadine: l\u2019associazione culturale di promozione sociale <em>Peace, Periferie al Centro; Bananas s.r.l., <\/em>societ\u00e0 che gestisce l\u2019Area Zelig Cabaret; l\u2019associazione teatrale giovanile <em>Punto Fisso; <\/em>la compagnia teatrale <em>Ditta Gioco Fiaba; COPMAG, <\/em>una rete di 15 associazioni culturali giovanili.<\/li>\n<\/ul>\n\n\n\n<p>Gli obiettivi del <strong><a href=\"https:\/\/coopcomin.org\/cominvolo\/wp-content\/uploads\/2023\/10\/2-2-progetto-per-lassegnazione-immobile.pdf\">Progetto<\/a> <\/strong>(alla cui lettura rimandiamo) erano i seguenti:<\/p>\n\n\n\n<ol class=\"nv-cv-m wp-block-list\">\n<li>rendere l\u2019Anfiteatro Martesana un polo attivo di promozione sociale e culturale;<\/li>\n\n\n\n<li>costruire, anche in collaborazione con il Consiglio di Zona 2, una rete locale di soggetti sostenitori;<\/li>\n\n\n\n<li>porsi come attivatore e coordinatore di attivit\u00e0 di prevenzione ed intervento sul disagio minorile e giovanile;<\/li>\n\n\n\n<li>valorizzare l&#8217;area del parco e del canale antistante, sia dal punto di vista della tutela ambientale che della promozione del valore storico-culturale del sito.<\/li>\n<\/ol>\n\n\n\n<p>Sulla base di questi obiettivi e delle conseguenti azioni previste, Comin ottenne, con delibera dell\u201911 maggio 2001, l\u2019assegnazione dell\u2019Anfiteatro, che per\u00f2 fu poi dichiarato inagibile.&nbsp;<\/p>\n\n\n\n<p>Per noi una grossa beffa oltre che un bel danno, viste le grandi energie gi\u00e0 spese per promuovere la rete dei soggetti coinvolti e coinvolgibili e l\u2019elaborazione di un progetto complesso e ricco di aspettative.&nbsp;<\/p>\n\n\n\n<p>La decisione, come detto, fu quella di non demordere, forti della nostra posizione di assegnatari.<\/p>\n\n\n\n<p>Con una<strong> <a href=\"https:\/\/coopcomin.org\/cominvolo\/wp-content\/uploads\/2023\/10\/2-3-lettera-al-municipio-di-zona-2.pdf\">lettera al Municipio di zona 2<\/a> <\/strong>la cooperativa chiedeva in particolare un impegno scritto a concedere l\u2019immobile per sei anni, come previsto dal bando, una volta reso agibile da parte dell\u2019amministrazione, oltre ad altri impegni collaterali.<\/p>\n\n\n\n<p>Contemporaneamente a questa forte interlocuzione con l\u2019Amministrazione la decisione fu quella di attuare, nel modo possibile, azioni all\u2019esterno dell\u2019Anfiteatro nell\u2019interesse del territorio e per mantenere viva l\u2019attenzione della citt\u00e0 sull\u2019 <em>Affaire Anfiteatro.<\/em><\/p>\n\n\n\n<p>L\u2019assegnazione dell\u2019Anfiteatro non prevedeva alcun contributo economico per la gestione dell\u2019attivit\u00e0 previste. Per questo si era reso necessario predisporre progetti specifici in collaborazione con alcuni dei soggetti appartenenti alla rete che aveva sostenuto l\u2019assegnazione dell\u2019immobile. Comin ottenne a questo scopo il finanziamento di due progetti:<\/p>\n\n\n\n<ul class=\"nv-cv-m wp-block-list\">\n<li><em>Il progetto \u201cVerdeMartesana<\/em><strong>\u201d <\/strong>promosso con Comin da Legambiente e UISP. Finalit\u00e0 dell\u2019intervento &#8211; inserito nel pi\u00f9 ampio progetto cittadino <em>\u201cAppunti per la citt\u00e0\u201d<\/em>, finanziato con fondi ex Legge 285\/97 \u2013 erano la conoscenza e la valorizzazione delle potenzialit\u00e0 d\u2019uso e fruizione del Parco Martesana in favore e con la partecipazione dei cittadini della zona (vedi <strong><a href=\"https:\/\/coopcomin.org\/cominvolo\/wp-content\/uploads\/2023\/10\/2-4-scheda-Verde-martesana.pdf\">Scheda Verdemartesana<\/a>)<\/strong><\/li>\n\n\n\n<li><em>The Smart set \u2013 il bel mondo dei Giovani all\u2019Anfiteatro Martesana<\/em>, approvato e finanziato dalla Fondazione Cariplo.<\/li>\n<\/ul>\n\n\n\n<p>&nbsp;L\u2019impossibilit\u00e0 di utilizzare l\u2019Anfiteatro rese necessaria la <strong><a href=\"https:\/\/coopcomin.org\/cominvolo\/wp-content\/uploads\/2023\/10\/2-5-Ri-modulazione-Progetto-The-Smart-Set.pdf\">Ri \u2013 modulazione di The Smart set<\/a><\/strong> che fu accolta da Cariplo con un finanziamento ridotto.&nbsp;<\/p>\n\n\n\n<p>Il progetto \u201cThe S<em>MART SE<\/em>T!\u201d, privato dell\u2019uso del suo strumento privilegiato, cio\u00e8 della struttura polifunzionale dell\u2019Anfiteatro Martesana ha dovuto ripensarsi: ci si concentr\u00f2 sul fare<strong> <\/strong>dell\u2019area antistante l\u2019Anfiteatro una vera \u201cpiazza\u201d, un luogo significante e centrale per tutti gli abitanti dei quartieri limitrofi e per la citt\u00e0, rafforzando il senso locale d\u2019identificazione, responsabilit\u00e0 e cura\u201d come venne scritto nella finalit\u00e0 della Ri \u2013 modulazione del progetto.<\/p>\n\n\n\n<p>Le attivit\u00e0 furono\u00a0 poi svolte in collaborazione con la <em>rete di realt\u00e0 non profit \u201cSpazio Smartez\u201d,<\/em> costituita dalle organizzazioni che miravano alla gestione concertata dell\u2019Anfiteatro e che avevano promosso con la Cooperativa la prima sperimentale edizione di \u201cSegnali di vita dallo Spazio\u2026Smartez\u201d (settembre 2002), realizzata all\u2019indomani delle pessime notizie rispetto alla rinviata assegnazione dell\u2019Anfiteatro, anche per segnalare l\u2019intenzione di non voler rinunciare al progetto complessivo.<\/p>\n\n\n\n<p>Nel prossimo articolo Massimo Zerbeloni, coordinatore delle attivit\u00e0 svolte dalla <em>rete Spazio Smartez, <\/em>ci racconter\u00e0, pi\u00f9 in dettaglio, con calore e profondit\u00e0 di pensiero, i suoi ricordi sulle attivit\u00e0 svolte in quegli anni.<\/p>\n\n\n\n<figure class=\"wp-block-image size-full\"><img data-recalc-dims=\"1\" decoding=\"async\" width=\"598\" height=\"478\" src=\"https:\/\/i0.wp.com\/coopcomin.org\/cominvolo\/wp-content\/uploads\/2023\/10\/anfiteatro-2.jpg?resize=598%2C478&#038;ssl=1\" alt=\"\" class=\"wp-image-3315\" srcset=\"https:\/\/i0.wp.com\/coopcomin.org\/cominvolo\/wp-content\/uploads\/2023\/10\/anfiteatro-2.jpg?w=598&amp;ssl=1 598w, https:\/\/i0.wp.com\/coopcomin.org\/cominvolo\/wp-content\/uploads\/2023\/10\/anfiteatro-2.jpg?resize=300%2C240&amp;ssl=1 300w\" sizes=\"(max-width: 598px) 100vw, 598px\" \/><\/figure>\n","protected":false},"excerpt":{"rendered":"<p>Dietro agli spalti, interrati sotto la collina che fa da contrafforte alle spalle dell\u2019Anfiteatro, sono situati, ai lati di un cortiletto, due ampi spazi, destinati ad attivit\u00e0 sociali, a cui si accede attraverso il portone situato al centro degli spalti. La struttura fu edificata da un\u2019impresa edile a scomputo degli oneri concessori nel 1987. Il&hellip;&nbsp;<\/p>\n<div class=\"read-more-wrapper\"><a href=\"https:\/\/coopcomin.org\/cominvolo\/2023\/10\/19\/laffaire-anfiteatro\/\" class=\"button button-secondary\" rel=\"bookmark\">Leggi tutto \u00bb<span class=\"screen-reader-text\">L&#8217;Affaire Anfiteatro<\/span><\/a><\/div>\n","protected":false},"author":2,"featured_media":3314,"comment_status":"closed","ping_status":"closed","sticky":false,"template":"","format":"standard","meta":{"_et_pb_use_builder":"","_et_pb_old_content":"","_et_gb_content_width":"","rop_custom_images_group":[],"rop_custom_messages_group":[],"rop_publish_now":"initial","rop_publish_now_accounts":[],"rop_publish_now_history":[],"rop_publish_now_status":"pending","neve_meta_sidebar":"","neve_meta_container":"","neve_meta_enable_content_width":"","neve_meta_content_width":0,"neve_meta_title_alignment":"","neve_meta_author_avatar":"","neve_post_elements_order":"","neve_meta_disable_header":"","neve_meta_disable_footer":"","neve_meta_disable_title":"","neve_meta_reading_time":"","_jetpack_memberships_contains_paid_content":false,"footnotes":""},"categories":[240,3],"tags":[],"class_list":["post-3311","post","type-post","status-publish","format-standard","has-post-thumbnail","hentry","category-cap-15-on-the-road","category-la-nostra-storia"],"jetpack_featured_media_url":"https:\/\/i0.wp.com\/coopcomin.org\/cominvolo\/wp-content\/uploads\/2023\/10\/anfiteatro-1.jpg?fit=799%2C488&ssl=1","jetpack_sharing_enabled":true,"_links":{"self":[{"href":"https:\/\/coopcomin.org\/cominvolo\/wp-json\/wp\/v2\/posts\/3311","targetHints":{"allow":["GET"]}}],"collection":[{"href":"https:\/\/coopcomin.org\/cominvolo\/wp-json\/wp\/v2\/posts"}],"about":[{"href":"https:\/\/coopcomin.org\/cominvolo\/wp-json\/wp\/v2\/types\/post"}],"author":[{"embeddable":true,"href":"https:\/\/coopcomin.org\/cominvolo\/wp-json\/wp\/v2\/users\/2"}],"replies":[{"embeddable":true,"href":"https:\/\/coopcomin.org\/cominvolo\/wp-json\/wp\/v2\/comments?post=3311"}],"version-history":[{"count":4,"href":"https:\/\/coopcomin.org\/cominvolo\/wp-json\/wp\/v2\/posts\/3311\/revisions"}],"predecessor-version":[{"id":6104,"href":"https:\/\/coopcomin.org\/cominvolo\/wp-json\/wp\/v2\/posts\/3311\/revisions\/6104"}],"wp:featuredmedia":[{"embeddable":true,"href":"https:\/\/coopcomin.org\/cominvolo\/wp-json\/wp\/v2\/media\/3314"}],"wp:attachment":[{"href":"https:\/\/coopcomin.org\/cominvolo\/wp-json\/wp\/v2\/media?parent=3311"}],"wp:term":[{"taxonomy":"category","embeddable":true,"href":"https:\/\/coopcomin.org\/cominvolo\/wp-json\/wp\/v2\/categories?post=3311"},{"taxonomy":"post_tag","embeddable":true,"href":"https:\/\/coopcomin.org\/cominvolo\/wp-json\/wp\/v2\/tags?post=3311"}],"curies":[{"name":"wp","href":"https:\/\/api.w.org\/{rel}","templated":true}]}}