{"id":3228,"date":"2023-06-10T13:36:02","date_gmt":"2023-06-10T13:36:02","guid":{"rendered":"https:\/\/coopcomin.org\/cominvolo\/?p=3228"},"modified":"2025-05-21T11:19:12","modified_gmt":"2025-05-21T11:19:12","slug":"autrici-e-autori","status":"publish","type":"post","link":"https:\/\/coopcomin.org\/cominvolo\/2023\/06\/10\/autrici-e-autori\/","title":{"rendered":"Autrici e Autori"},"content":{"rendered":"\n<p><strong>Olga Amicuzi<\/strong><br>Assistente sociale e socia della cooperativa sociale Comin dal 2021. Attualmente lavoro presso il<br>Servizio Nucleo Sperimentale Trattamento Provvedimenti del Comune di Milano.<\/p>\n\n\n\n<p><strong>Annachiara Arena<\/strong><br>Educatrice nel sociale da diversi anni. Attualmente lavora nell\u2019area Affido della Cooperativa Comin.<br>Accompagna e sostiene le famiglie affidatarie nel percorso dell\u2019accoglienza. Al loro fianco per dare ai<br>minori un\u2019opportunit\u00e0 di crescita migliore.<\/p>\n\n\n\n<p><strong>Cristina Belloni<\/strong><br>Educatrice professionale in ambito scolastico e domiciliare per la cooperativa sociale Comin.<\/p>\n\n\n\n<p><strong>Jessica Bernardoni<\/strong><br>Assistente sociale, socia della cooperativa sociale Comin dal 2018. Lavora presso il Servizio di Tutela<br>Minori del Comune di Milano.<\/p>\n\n\n\n<p><strong>Martina Bortolameotti<\/strong><br>Educatrice nella comunit\u00e0 per minori Cento Passi, della cooperativa sociale Comin.<\/p>\n\n\n\n<p><strong>Alessia Bracone<\/strong><br>Assistente sociale e socia della cooperativa sociale Comin dal 2021. Attualmente lavoro presso il<br>Servizio Nucleo Sperimentale Trattamento Provvedimenti del Comune di Milano.<\/p>\n\n\n\n<p><strong>Silvia Caccia<\/strong><br>Assistente sociale e socia della cooperativa sociale Comin dal 2021. Attualmente lavoro presso il<br>Servizio Servizio Nucleo Sperimentale Trattamento Provvedimenti del Comune di Milano.<br>Autrici e autori<\/p>\n\n\n\n<p>L\u2019intelligenza degli alberi 40<\/p>\n\n\n\n<p><strong>Antonio Catenacci<\/strong><br>Socio della cooperativa sociale Comin, lavora nel servizio di educativa scolastica e domiciliare con<br>bambini e ragazzi.<\/p>\n\n\n\n<p><strong>Maria Luisa Coi<\/strong><br>Lavora nell\u2019 Affido della cooperativa Comin, dove da 22 anni incontra persone e storie meravigliose<br>e intense, che la interrogano e fanno imparare costantemente.<\/p>\n\n\n\n<p><strong>Claudio Figini<\/strong><br>Per anni educatore in comunit\u00e0 e poi coordinatore della cooperativa Comin, ora \u00e8 in pensione e si<br>diletta a scrivere la storia della cooperativa sociale Comin nel blog Com\u2019involo.<\/p>\n\n\n\n<p><strong>Fiorella Fogato<\/strong><br>Coordinatrice, educatrice scolastica e domiciliare per la cooperativa sociale Comin.<\/p>\n\n\n\n<p><strong>Stefano Losapio<\/strong><br>Laureato in Fisica, lavora da anni come educatore e counselor, che per motivazione e passione sono<br>diventati una professione.<\/p>\n\n\n\n<p><strong>Graziano Maino<\/strong><br>Consulente e formatore sui temi della responsabilit\u00e0, degli apprendimenti organizzativi e delle<br>collaborazioni cross-sector.<\/p>\n\n\n\n<p><strong>Sandro Mandrini<\/strong><br>Educatore professionale, attualmente coordina le \u00e9quipe delle comunit\u00e0 educative della cooperativa<br>sociale Comin.<\/p>\n\n\n\n<p><strong>Francesca Marcato<\/strong><br>Assistente sociale, socia della cooperativa Comin dal 2019. Lavora presso il Servizio di Tutela Minori<br>del Municipio 9 del Comune di Milano.<\/p>\n\n\n\n<p>L\u2019intelligenza degli alberi 41<\/p>\n\n\n\n<p><strong>Emilia Ropa<\/strong><br>In Comin da 17 anni. Lavora in 2 ambiti: progetti di educazione finanziaria e Area Affido, come tutor<br>delle famiglie accoglienti.<\/p>\n\n\n\n<p><strong>Chiara Petra Stellari<\/strong><br>Educatrice scolastica e domiciliare per la cooperativa sociale Comin.<\/p>\n\n\n\n<p><strong>Ambra Tranchina<\/strong><br>Romana a Milano, \u00e8 assistente sociale, socia della cooperativa sociale Comin del 2021. Lavora presso<br>il Servizio Tutela Minori del Comune di Milano.<\/p>\n\n\n\n<p><strong>Matteo Zanoletti<\/strong><br>Educatore professionale e coordinatore di servizi educativi nell\u2019area della disabilit\u00e0 e della vulnerabilit\u00e0<br>sociale per la cooperativa sociale Comin che opera nella citt\u00e0 di Milano e provincia.<\/p>\n","protected":false},"excerpt":{"rendered":"<p>Lista di autrici e autori presenti negli interventi sociali<\/p>\n","protected":false},"author":2,"featured_media":2697,"comment_status":"closed","ping_status":"open","sticky":false,"template":"","format":"standard","meta":{"_et_pb_use_builder":"off","_et_pb_old_content":"","_et_gb_content_width":"","rop_custom_images_group":[],"rop_custom_messages_group":[],"rop_publish_now":"initial","rop_publish_now_accounts":[],"rop_publish_now_history":[],"rop_publish_now_status":"pending","neve_meta_sidebar":"","neve_meta_container":"","neve_meta_enable_content_width":"","neve_meta_content_width":0,"neve_meta_title_alignment":"","neve_meta_author_avatar":"","neve_post_elements_order":"","neve_meta_disable_header":"","neve_meta_disable_footer":"","neve_meta_disable_title":"","neve_meta_reading_time":"","_jetpack_memberships_contains_paid_content":false,"footnotes":""},"categories":[180],"tags":[],"class_list":["post-3228","post","type-post","status-publish","format-standard","has-post-thumbnail","hentry","category-intelligenza-degli-alberi"],"jetpack_featured_media_url":"https:\/\/i0.wp.com\/coopcomin.org\/cominvolo\/wp-content\/uploads\/2023\/03\/poesia-intelligenza-degli-alberi.jpg?fit=1280%2C853&ssl=1","jetpack_sharing_enabled":true,"_links":{"self":[{"href":"https:\/\/coopcomin.org\/cominvolo\/wp-json\/wp\/v2\/posts\/3228","targetHints":{"allow":["GET"]}}],"collection":[{"href":"https:\/\/coopcomin.org\/cominvolo\/wp-json\/wp\/v2\/posts"}],"about":[{"href":"https:\/\/coopcomin.org\/cominvolo\/wp-json\/wp\/v2\/types\/post"}],"author":[{"embeddable":true,"href":"https:\/\/coopcomin.org\/cominvolo\/wp-json\/wp\/v2\/users\/2"}],"replies":[{"embeddable":true,"href":"https:\/\/coopcomin.org\/cominvolo\/wp-json\/wp\/v2\/comments?post=3228"}],"version-history":[{"count":2,"href":"https:\/\/coopcomin.org\/cominvolo\/wp-json\/wp\/v2\/posts\/3228\/revisions"}],"predecessor-version":[{"id":5347,"href":"https:\/\/coopcomin.org\/cominvolo\/wp-json\/wp\/v2\/posts\/3228\/revisions\/5347"}],"wp:featuredmedia":[{"embeddable":true,"href":"https:\/\/coopcomin.org\/cominvolo\/wp-json\/wp\/v2\/media\/2697"}],"wp:attachment":[{"href":"https:\/\/coopcomin.org\/cominvolo\/wp-json\/wp\/v2\/media?parent=3228"}],"wp:term":[{"taxonomy":"category","embeddable":true,"href":"https:\/\/coopcomin.org\/cominvolo\/wp-json\/wp\/v2\/categories?post=3228"},{"taxonomy":"post_tag","embeddable":true,"href":"https:\/\/coopcomin.org\/cominvolo\/wp-json\/wp\/v2\/tags?post=3228"}],"curies":[{"name":"wp","href":"https:\/\/api.w.org\/{rel}","templated":true}]}}