{"id":3148,"date":"2023-10-29T09:55:20","date_gmt":"2023-10-29T09:55:20","guid":{"rendered":"https:\/\/coopcomin.org\/cominvolo\/?p=3148"},"modified":"2025-09-02T13:07:31","modified_gmt":"2025-09-02T13:07:31","slug":"progetto-tandem","status":"publish","type":"post","link":"https:\/\/coopcomin.org\/cominvolo\/2023\/10\/29\/progetto-tandem\/","title":{"rendered":"Progetto Tandem"},"content":{"rendered":"\n<p><strong>Famiglia, Servizi e comunit\u00e0 insieme per il rientro a casa dei minori allontanati<\/strong><\/p>\n\n\n\n<p>Tandem \u00e8 un progetto sperimentale, frutto della collaborazione tra gli operatori del S.S.d.F. del Comune di Milano e gli educatori delle comunit\u00e0 Comin: l\u2019azione 1 del progetto <em>Orsa maggiore.<\/em><\/p>\n\n\n\n<p>Nasce dalla considerazione che i rientri in famiglia dei minori allontanati sono sempre pi\u00f9 difficili e le permanenze in comunit\u00e0 sempre pi\u00f9 lunghe. Ci\u00f2 appare dovuto anche alle difficolt\u00e0 che si incontrano nel lavoro con le famiglie d\u2019origine: spesso gli interventi sociali e clinici non sono affiancati da un intervento di accompagnamento educativo che sostenga i genitori nella sperimentazione concreta di nuove modalit\u00e0 relazionali con i figli, di una diversa organizzazione familiare, di pi\u00f9 efficaci relazioni sociali. (Vedi <strong><u><a href=\"https:\/\/coopcomin.org\/cominvolo\/wp-content\/uploads\/2023\/08\/2-1-Progetto-Tandem-iniziale.pdf\" data-type=\"URL\" data-id=\"https:\/\/coopcomin.org\/cominvolo\/wp-content\/uploads\/2023\/08\/2-1-Progetto-Tandem-iniziale.pdf\" target=\"_blank\" rel=\"noreferrer noopener\">Progetto Tandem \u2013 ipotesi di modello operativo<\/a> <\/u><\/strong>oppure pi\u00f9 in sintesi di <a href=\"https:\/\/coopcomin.org\/cominvolo\/wp-content\/uploads\/2023\/08\/doc-65.-Depliant-Tandem-PIEGHEVOLE-DEFINITIVO.pdf\"><strong>depliant di presentazione<\/strong><\/a>)<\/p>\n\n\n\n<p>L\u2019azione di Tandem prende forma al momento della decisione del rientro in famiglia e si conclude dopo un\u2019opportuna fase di sostegno al ricongiungimento avvenuto. Non valuta il rientro che \u00e8 una decisione gi\u00e0 presa dal servizio sociale, condizione indispensabile per la partecipazione al progetto. Tandem si allea con la prospettiva del rientro e quindi con la famiglia: accompagna la famiglia a riconoscere e a valorizzare le proprie risorse oltre a quelle presenti intorno ad essa nel territorio.<\/p>\n\n\n\n<p>\u201cIl Tandem che d\u00e0 il nome al progetto \u00e8 una delle immagini che pu\u00f2 sintetizzare il senso e l\u2019importanza del lavoro per accompagnare il rientro del minore in famiglia: una bicicletta a pi\u00f9 posti, dove i genitori pedalano e guidano il mezzo nella direzione pi\u00f9 opportuna; dietro persone che pedalano quando la salita \u00e8 pi\u00f9 dura, spingono sui pedali, tirano fuori dalle tasche pezzi di ricambio e vitamine, suggeriscono inclinazioni pi\u00f9 efficaci, ricordano la linea dell\u2019orizzonte\u201d (vedi il piacevole<strong> <a href=\"https:\/\/coopcomin.org\/cominvolo\/wp-content\/uploads\/2025\/09\/2-2-Articolo-per-La-Tutela-dei-Minori_rotated.pdf\">articolo per la rivista Tutela dei minori <\/a><\/strong> alla cui lettura rimandiamo).<\/p>\n\n\n\n<p>Il progetto opera in tre luoghi<em>: la comunit\u00e0<\/em> per creare un ponte tra le case che ha abitato il minore; <em>la casa della famiglia d\u2019origine<\/em>, per aiutare i genitori a preparare il rientro e per monitorare con essi l\u2019inserimento in un territorio e in una rete sociale; eventualmente la sede del progetto, un <em>\u201cluogo terzo\u201d<\/em> dove poter sperimentare nuove modalit\u00e0 di relazione ed elaborare strategie educative.<\/p>\n\n\n\n<p>Il lavoro \u00e8 condotto da una coppia di educatori, uomo e donna. Stabilendo una relazione improntata sulla chiarezza dei rapporti e delle funzioni degli operatori e successivamente sulla fiducia, i facilitatori educativi pongono al centro dell\u2019attenzione il momento del rientro a casa dei minori allontanati, analizzando rispetto al nucleo nel suo insieme:<\/p>\n\n\n\n<ul class=\"wp-block-list\">\n<li>la storia familiare anche attraverso la costruzione e l\u2019analisi della mappa familiare;<\/li>\n\n\n\n<li>i modelli genitoriali impliciti ed espliciti;<\/li>\n\n\n\n<li>gli elementi di forza e di debolezza che caratterizzano il nuovo nucleo familiare, ponendo attenzione anche alle possibili risorse della famiglia allargata;<\/li>\n<\/ul>\n\n\n\n<p>Rispetto alle relazioni genitori-figli si completa l\u2019analisi della situazione attraverso un lavoro di riflessione condiviso con i genitori intorno a:<\/p>\n\n\n\n<ul class=\"wp-block-list\">\n<li>i bisogni che i figli esprimeranno;<\/li>\n\n\n\n<li>le aspettative reciproche;<\/li>\n\n\n\n<li>i \u201cfalsi miti\u201d ispirati dal rientro in famiglia.<\/li>\n<\/ul>\n\n\n\n<p>Gli strumenti usati per raggiungere questi obiettivi educati sono diversificati:<\/p>\n\n\n\n<ul class=\"nv-cv-m wp-block-list\">\n<li>i colloqui sono necessariamente uno strumento importante: generalmente avvengono con la coppia dei genitori, assieme o a volte anche separatamente. Possono essere aperti anche ai figli, ad altri fratelli o ad altre persone della famiglia allargata, oppure alla comunit\u00e0, ai servizi sociali \u2026<\/li>\n\n\n\n<li>attivit\u00e0 di gioco simbolico (a titolo esemplificativo: la casa dei bambolotti, le marionette, la creazione di maschere e la realizzazione di paesaggi con la creta&#8230;);<\/li>\n\n\n\n<li>giochi psicopedagogici per adulti, bambini, gruppi. Ci piace ricordare il <em>Gioco di Tandem, <\/em>un gioco da tavola progettato come forma di verifica e riprogettazione dell\u2019intervento, con cui si sintetizzano risorse, fragilit\u00e0, attese, strategie di superamento delle difficolt\u00e0 \u2026 Il tutto giocato dinamicamente tra genitori e figli con l\u2019aiuto di un tabellone, pedine e carte.<\/li>\n<\/ul>\n\n\n\n<p>L\u2019azione principale di Tandem si svolge attraverso la <em>Concretezza del fare <\/em>(vedi<a href=\"https:\/\/coopcomin.org\/cominvolo\/wp-content\/uploads\/2023\/08\/2-3-CONCRETEZZA-DEL-FARE.pdf\" data-type=\"URL\" data-id=\"https:\/\/coopcomin.org\/cominvolo\/wp-content\/uploads\/2023\/08\/2-3-CONCRETEZZA-DEL-FARE.pdf\" target=\"_blank\" rel=\"noreferrer noopener\"> <strong><u>documento<\/u><\/strong><\/a> nella sezione approfondimenti) attraverso la gestione condivisa di aspetti della vita quotidiana: la spesa, cene assieme, organizzazione domestica, esplorazione delle risorse aggregative e di benessere presenti nel territorio anche con il figlio, gestione del tempo libero \u2026<\/p>\n\n\n\n<p>L\u2019ultima fase dell\u2019intervento \u00e8 dedicata all\u2019attivazione di risorse territoriali che rispondono a bisogni espressi (oratorio, scout, attivit\u00e0 sportive&#8230;) e all\u2019eventuale accesso consapevole a servizi erogati dall\u2019Ente Pubblico (assistenza domiciliare, semiconvitto&#8230;), parte integrante del progetto che la famiglia ha elaborato per s\u00e9.<\/p>\n\n\n\n<p>Il progetto ha anche la funzione di facilitare la comprensione e l\u2019avvio di eventuali interventi di sostegno psicologico previsti dal decreto del TM.<\/p>\n\n\n\n<p>Anche se gi\u00e0 evidenziato \u00e8 bene sottolineare come Il <em>Servizio Sociale della Famiglia<\/em> del Comune di Milano, sia a livello centrale attraverso i Coordinatori che con le singole Assistenti Sociali titolari dei casi presi in carico, \u00e8 partner privilegiato di Tandem. La collaborazione si esplicita a livello generale attraverso la valorizzazione del progetto come risorsa utile nella gestione dei casi; nel momento in cui Tandem si fa carico di una situazione di rientro la collaborazione avviene con la singola assistente sociale attraverso le riunioni di presentazione degli educatori alla famiglia, la gestione delle riunioni di rete, le attivit\u00e0 di monitoraggio e valutazione, anche insieme alla famiglia.<\/p>\n\n\n\n<p>Uno dei frutti preziosi del progetto \u00e8 stato aver favorito lo sviluppo di cultura e di competenze specifiche nel lavoro di sostegno alla genitorialit\u00e0 multiproblematica. Importante il lavoro di formazione specifica per gli operatori del settore: vedi ad esempio Percorso formativo per educatori di comunit\u00e0, Assistenti Sociali e operatori del Progetto, svolto tra ottobre 2002 e febbraio 2003.<\/p>\n\n\n\n<p>Forte \u00e8 stato l\u2019interesse culturale registrato intorno agli esiti del progetto attraverso la richiesta di relazione a convegni (oltre al Convegno di Orsa Maggiore \u201c<em>Io con chi\u201d<\/em> di cui puoi consultare il <strong><u><a href=\"https:\/\/coopcomin.org\/cominvolo\/wp-content\/uploads\/2023\/08\/2-5-Tandem-per-convegno.pdf\" data-type=\"URL\" data-id=\"https:\/\/coopcomin.org\/cominvolo\/wp-content\/uploads\/2023\/08\/2-5-Tandem-per-convegno.pdf\" target=\"_blank\" rel=\"noreferrer noopener\">gi\u00e0 citato contributo<\/a><\/u><\/strong>, riportiamo come esempio anche <strong><u><a href=\"https:\/\/coopcomin.org\/cominvolo\/wp-content\/uploads\/2023\/08\/2-6-Intervento-al-convegno-Ri-costruire-genitorialita.pdf\" data-type=\"URL\" data-id=\"https:\/\/coopcomin.org\/cominvolo\/wp-content\/uploads\/2023\/08\/2-6-Intervento-al-convegno-Ri-costruire-genitorialita.pdf\" target=\"_blank\" rel=\"noreferrer noopener\">l\u2019intervento al convegno RI- COSTRUIRE GENITORIALITA\u2019<\/a><\/u>)<\/strong> oppure la pubblicazione di articoli su riviste specializzate: ricordiamo qui il sopra citato articolo per la rivista <em>Tutela dei minori<\/em> e quello pubblicato su <strong><em><u><a href=\"https:\/\/coopcomin.org\/cominvolo\/wp-content\/uploads\/2023\/08\/2-7-Articolo-per-A.S.pdf\" data-type=\"URL\" data-id=\"https:\/\/coopcomin.org\/cominvolo\/wp-content\/uploads\/2023\/08\/2-7-Articolo-per-A.S.pdf\" target=\"_blank\" rel=\"noreferrer noopener\">Animazione sociale<\/a><\/u><\/em><\/strong>.<\/p>\n\n\n\n<p>Tandem ha potuto continuare il proprio intervento anche dopo la conclusione del progetto 285 attraverso finanziamenti da parte di altre istituzioni (vedi ad esempio il <strong><u><a href=\"https:\/\/coopcomin.org\/cominvolo\/wp-content\/uploads\/2023\/08\/2-8-TANDEM-PER-UMANAMENTE.pdf\" data-type=\"URL\" data-id=\"https:\/\/coopcomin.org\/cominvolo\/wp-content\/uploads\/2023\/08\/2-8-TANDEM-PER-UMANAMENTE.pdf\" target=\"_blank\" rel=\"noreferrer noopener\">Progetto presentato alla <em>Fondazione Umanamente<\/em><\/a><\/u><\/strong>), fino a diventare azione specifica prevista dal Progetto delle nostre comunit\u00e0 da attuare su richiesta del servizio quando ritenuta utile per rendere possibile il rientro in famiglia.<\/p>\n\n\n\n<p><\/p>\n","protected":false},"excerpt":{"rendered":"<p>Famiglia, Servizi e comunit\u00e0 insieme per il rientro a casa dei minori allontanati Tandem \u00e8 un progetto sperimentale, frutto della collaborazione tra gli operatori del S.S.d.F. del Comune di Milano e gli educatori delle comunit\u00e0 Comin: l\u2019azione 1 del progetto Orsa maggiore. Nasce dalla considerazione che i rientri in famiglia dei minori allontanati sono sempre&hellip;&nbsp;<\/p>\n<div class=\"read-more-wrapper\"><a href=\"https:\/\/coopcomin.org\/cominvolo\/2023\/10\/29\/progetto-tandem\/\" class=\"button button-secondary\" rel=\"bookmark\">Leggi tutto \u00bb<span class=\"screen-reader-text\">Progetto Tandem<\/span><\/a><\/div>\n","protected":false},"author":2,"featured_media":3183,"comment_status":"closed","ping_status":"closed","sticky":false,"template":"","format":"standard","meta":{"_et_pb_use_builder":"","_et_pb_old_content":"","_et_gb_content_width":"","rop_custom_images_group":[],"rop_custom_messages_group":[],"rop_publish_now":"initial","rop_publish_now_accounts":[],"rop_publish_now_history":[],"rop_publish_now_status":"pending","neve_meta_sidebar":"","neve_meta_container":"","neve_meta_enable_content_width":"","neve_meta_content_width":0,"neve_meta_title_alignment":"","neve_meta_author_avatar":"","neve_post_elements_order":"","neve_meta_disable_header":"","neve_meta_disable_footer":"","neve_meta_disable_title":"","neve_meta_reading_time":"","_jetpack_memberships_contains_paid_content":false,"footnotes":""},"categories":[226,3],"tags":[],"class_list":["post-3148","post","type-post","status-publish","format-standard","has-post-thumbnail","hentry","category-cap-14-orsa-maggiore-e-altro","category-la-nostra-storia"],"jetpack_featured_media_url":"https:\/\/i0.wp.com\/coopcomin.org\/cominvolo\/wp-content\/uploads\/2023\/08\/tandem-744565_640.jpg?fit=640%2C640&ssl=1","jetpack_sharing_enabled":true,"_links":{"self":[{"href":"https:\/\/coopcomin.org\/cominvolo\/wp-json\/wp\/v2\/posts\/3148","targetHints":{"allow":["GET"]}}],"collection":[{"href":"https:\/\/coopcomin.org\/cominvolo\/wp-json\/wp\/v2\/posts"}],"about":[{"href":"https:\/\/coopcomin.org\/cominvolo\/wp-json\/wp\/v2\/types\/post"}],"author":[{"embeddable":true,"href":"https:\/\/coopcomin.org\/cominvolo\/wp-json\/wp\/v2\/users\/2"}],"replies":[{"embeddable":true,"href":"https:\/\/coopcomin.org\/cominvolo\/wp-json\/wp\/v2\/comments?post=3148"}],"version-history":[{"count":5,"href":"https:\/\/coopcomin.org\/cominvolo\/wp-json\/wp\/v2\/posts\/3148\/revisions"}],"predecessor-version":[{"id":6099,"href":"https:\/\/coopcomin.org\/cominvolo\/wp-json\/wp\/v2\/posts\/3148\/revisions\/6099"}],"wp:featuredmedia":[{"embeddable":true,"href":"https:\/\/coopcomin.org\/cominvolo\/wp-json\/wp\/v2\/media\/3183"}],"wp:attachment":[{"href":"https:\/\/coopcomin.org\/cominvolo\/wp-json\/wp\/v2\/media?parent=3148"}],"wp:term":[{"taxonomy":"category","embeddable":true,"href":"https:\/\/coopcomin.org\/cominvolo\/wp-json\/wp\/v2\/categories?post=3148"},{"taxonomy":"post_tag","embeddable":true,"href":"https:\/\/coopcomin.org\/cominvolo\/wp-json\/wp\/v2\/tags?post=3148"}],"curies":[{"name":"wp","href":"https:\/\/api.w.org\/{rel}","templated":true}]}}