{"id":2651,"date":"2023-03-22T12:19:00","date_gmt":"2023-03-22T12:19:00","guid":{"rendered":"https:\/\/coopcomin.org\/cominvolo\/?p=2651"},"modified":"2025-09-01T14:29:36","modified_gmt":"2025-09-01T14:29:36","slug":"organizzarsi-per-rimanere-cooperativa-2","status":"publish","type":"post","link":"https:\/\/coopcomin.org\/cominvolo\/2023\/03\/22\/organizzarsi-per-rimanere-cooperativa-2\/","title":{"rendered":"Organizzarsi per rimanere cooperativa"},"content":{"rendered":"\n<p>Fare il punto sui cambiamenti organizzativi nel momento del passaggio agli anni 2000, dopo 25 anni di storia COMIN, significa in sostanza cercare di comprendere il tentativo (con le relative incongruenze) di mantenere davvero viva e reale la nostra esperienza cooperativa di lavoro e di presenza sociale. Questa tensione, come sappiamo, pi\u00f9 che da un mero assunto ideologico trae origine dalla consapevolezza che la relazione educativa, ma anche tutto il lavoro sociale nelle sue diverse dimensioni, trae forza e vigore quando si attua all\u2019interno di un contesto in cui le persone sono messe nelle condizioni di poter agire in maniera corresponsabile la propria soggettivit\u00e0, sentendosi protagoniste del proprio lavoro: insomma ci\u00f2 che nei primi momenti veniva definito <em>incidenza pedagogica dei rapporti di potere<\/em>.<\/p>\n\n\n\n<p>Una scelta importante a questo proposito si \u00e8 posta nel \u201985, quando con l\u2019avvio del servizio di ADM si decise di restare un\u2019unica cooperativa, senza fondare una Comin 2, come era negli auspici fondativi. Anche negli ampliamenti successivi della cooperativa questa scelta venne confermata. Ai motivi iniziali che sostanzialmente sono riconducibili alla necessaria solidit\u00e0 strutturale e alla forza di presentare al territorio una proposta integrale, si aggiunge la consapevolezza di come sia preziosa e arricchente la contaminazione tra le culture specifiche sviluppate dai differenti servizi come pure la possibilit\u00e0 di passaggio degli operatori nei diversi servizi quando questo si rendesse necessario per motivi esistenziali (es. maternit\u00e0 \u2026) o professionali. La strada per mantenere forte l\u2019autoimprenditorialit\u00e0 e la cooperazione tra i soci fu quella di darsi un\u2019organizzazione divisa in settori articolati in modo autonomo e collegati all\u2019assemblea dei soci. I settori in quegli anni erano 4: Comunit\u00e0, ADM, Terzo settore, Prevenzione. Si sarebbe poi aggiunto il settore Famiglie. Oltre ai settori sono previste due commissioni di lavoro: il comitato di coordinamento e la commissione economica. Riportiamo ai link <a href=\"https:\/\/coopcomin.org\/cominvolo\/wp-content\/uploads\/2023\/01\/2-1-a-organigramma-iniziale.pdf\" data-type=\"URL\" data-id=\"https:\/\/coopcomin.org\/cominvolo\/wp-content\/uploads\/2023\/01\/2-1-a-organigramma-iniziale.pdf\" target=\"_blank\" rel=\"noreferrer noopener\"><strong>&#8220;organigramma iniziale&#8221;<\/strong><\/a> e <a href=\"https:\/\/coopcomin.org\/cominvolo\/wp-content\/uploads\/2023\/01\/2-1-b-org.-inizio-anni-90.pdf\" data-type=\"URL\" data-id=\"https:\/\/coopcomin.org\/cominvolo\/wp-content\/uploads\/2023\/01\/2-1-b-org.-inizio-anni-90.pdf\" target=\"_blank\" rel=\"noreferrer noopener\"><strong>&#8220;organigramma anni &#8217;90&#8221;<\/strong><\/a> alcuni organigrammi utili per comprendere il cambiamento del modello e delle funzioni previste. Ogni settore aveva un funzionamento autonomo, anche se negli anni in ciascuno di essi si rese necessaria la costituzione di un CDS (coordinamento di settore) che rendesse possibile un miglior funzionamento e una decisionalit\u00e0 pi\u00f9 solerte.<\/p>\n\n\n\n<p>All\u2019inizio degli anni 90 si evidenzi\u00f2 la necessit\u00e0 di strutturare in maniera pi\u00f9 efficace il lavoro di coordinamento interno alla cooperativa. Si manifestava infatti una certa frammentazione tra i settori e la necessit\u00e0 di essere solerti e legittimati nella presa di decisioni complessive richieste dall\u2019esterno che non potevano aspettare i tempi di una decisione assembleare, vedi documento <em><strong>&#8220;<a rel=\"noreferrer noopener\" href=\"https:\/\/coopcomin.org\/cominvolo\/wp-content\/uploads\/2023\/01\/2-2-Revisione-critica-del-ruolo-del-Coordinamento.pdf\" data-type=\"URL\" data-id=\"https:\/\/coopcomin.org\/cominvolo\/wp-content\/uploads\/2023\/01\/2-2-Revisione-critica-del-ruolo-del-Coordinamento.pdf\" target=\"_blank\">Revisione critica del ruolo e delle funzioni di coordinamento(inizio &#8217;93)<\/a>&#8220;<\/strong><\/em>. Si apr\u00ec un percorso di riflessione che port\u00f2 alla nuova definizione dei compiti del <em>Coordinamento<\/em>, avvicinando la propria funzione a quella di un reale Cda. La funzione delle cariche sociali storicamente era soprattutto quella di rappresentare la Comin verso l\u2019esterno, mentre riguardo alla gestione interna mantenevano un ruolo per lo pi\u00f9 di riferimento valoriale e di decisionalit\u00e0 nell\u2019emergenza (<a href=\"https:\/\/coopcomin.org\/cominvolo\/wp-content\/uploads\/2023\/01\/2-3-compiti-del-coordinamento-94.pdf\" data-type=\"URL\" data-id=\"https:\/\/coopcomin.org\/cominvolo\/wp-content\/uploads\/2023\/01\/2-3-compiti-del-coordinamento-94.pdf\" target=\"_blank\" rel=\"noreferrer noopener\"><strong>vedi documento presentato all\u2019assemblea dei soci del 12\/1\/ 94 in cui vengono proposti i compiti del <em>Coordinamento<\/em><\/strong><\/a>).<\/p>\n\n\n\n<p>Il processo di lavoro per mantenere una struttura realmente cooperativa nonostante i cambiamenti intercorsi \u00e8 stato un compito complesso che \u00e8 proceduto per lo pi\u00f9 in modo lento e con aggiustamenti continui, in realt\u00e0 mai conclusi. Che questo fosse un tema caldo in Comin negli ultimi anni del secolo scorso ne \u00e8 prova il fatto che l\u2019argomento dei due stage dalla cooperativa nel settembre del 1992 a Endine e nel 1999 a Colere fossero centrati su temi legati al modello organizzativo. Rimandiamo alla <a href=\"https:\/\/coopcomin.org\/cominvolo\/wp-content\/uploads\/2022\/02\/Formazione-Endine.pdf\" data-type=\"URL\" data-id=\"https:\/\/coopcomin.org\/cominvolo\/wp-content\/uploads\/2022\/02\/Formazione-Endine.pdf\" target=\"_blank\" rel=\"noreferrer noopener\"><strong>formazione di Endine<\/strong><\/a>.<\/p>\n\n\n\n<p>Momento di riflessione importante a questo proposito fu in particolare lo <strong><a rel=\"noreferrer noopener\" href=\"https:\/\/coopcomin.org\/cominvolo\/wp-content\/uploads\/2023\/01\/sintesi-relazioni-Colere-99.pdf\" data-type=\"URL\" data-id=\"https:\/\/coopcomin.org\/cominvolo\/wp-content\/uploads\/2023\/01\/sintesi-relazioni-Colere-99.pdf\" target=\"_blank\">stage di Colere<\/a>.<\/strong> Nella relazione introduttiva oltre a fare il punto sull\u2019evoluzione del modello organizzativo si presentano punti critici e snodi da affrontare per il futuro. Rimandando chi fosse interessato alla <a href=\"https:\/\/coopcomin.org\/cominvolo\/wp-content\/uploads\/2023\/01\/Relazione-stage-Colere.pdf\" data-type=\"URL\" data-id=\"https:\/\/coopcomin.org\/cominvolo\/wp-content\/uploads\/2023\/01\/Relazione-stage-Colere.pdf\" target=\"_blank\" rel=\"noreferrer noopener\">lettura integrale<\/a><\/p>\n\n\n\n<p> riportiamo qui in sintesi alcune delle necessit\u00e0 rilevate:&nbsp;<\/p>\n\n\n\n<ul class=\"wp-block-list\">\n<li>Far coincidere il pi\u00f9 possibile forma e sostanza, nella ricerca della correttezza formale<\/li>\n\n\n\n<li>Ricercare modalit\u00e0 efficaci e generative di controllo interno<\/li>\n\n\n\n<li>Mantenere forte l\u2019esperienza cooperativa coniugando efficacemente autonomia gestionale e appartenenza comune favorendo un corretto funzionamento dei Settori ed un efficace collegamento tra di essi. Fondamentale a questo riguardo mantenere vivo un\u2019efficace circolazione delle informazioni all\u2019interno della cooperativa<\/li>\n\n\n\n<li>Definire politiche del lavoro coerenti nella diversit\u00e0 dei compiti e dei servizi (pu\u00f2 essere utile riportare le conseguenze di una ispezione Inps, avvenuta nel 1997. Era in vigore in quel periodo nelle cooperative sociali l\u2019applicazione dei <em>salari convenzionali<\/em>. Si tratta del fatto che i contributi Inps erano inferiori a quelli degli altri lavoratori. La cooperativa aveva deciso di non applicare i salari convenzionali, ritenuti iniqui. L\u2019ispezione defin\u00ec invece l\u2019obbligo della loro applicazione, che fu confermato a livello ministeriale dopo un confronto gestito da Confcooperative. L\u2019Inps pertanto restitu\u00ec alla cooperativa il surplus dei contributi versati. Si ritenne equo girare a ciascun socio lavoratore la quota relativa ai contributi tolti, invitando tutti ad aprire un fondo personale per una pensione integrativa. Fortunatamente poi i salari convenzionali sono stati progressivamente superati a livello nazionale).<\/li>\n\n\n\n<li>Favorire l\u2019appartenenza dei soci attraverso un percorso che parta dall\u2019appartenenza al proprio servizio, passi per l\u2019appartenenza al proprio settore per giungere all\u2019appartenenza alla cooperativa. Fondamentale a questo riguardo un lavoro di formazione sia rivolto all\u2019inserimento dei nuovi soci sia allo sviluppo di capacit\u00e0 imprenditoriali in tutti.<\/li>\n<\/ul>\n\n\n\n<p>Viene sollevata anche la necessit\u00e0 di approfondire alcune riflessioni di fondo legate alla nostra cultura organizzativa quali ad esempio il significato del potere (un concetto di potere come qualcosa che si moltiplica e non si divide); il rapporto di collaborazione con le altre realt\u00e0 ed in particolare nella attuazione delle appartenenze esterne (forti collaborazioni senza avere le mani legate); riflessione continua sul tema della nostra specifica identit\u00e0 collettiva.<\/p>\n\n\n\n<p>Il lavoro di riflessione svolto durante lo stage e le concretizzazioni successive hanno portato nell\u2019anno 2000 alla definizione di un <strong><a href=\"https:\/\/coopcomin.org\/cominvolo\/wp-content\/uploads\/2023\/01\/2-9-org-2000-definitivo.pdf\">nuovo organigramma 2000<\/a><\/strong> in cui vengono descritte le funzioni attribuite all\u2019assemblea dei soci, al presidente, al Coordinamento, al Coordinatore della cooperativa (nel 1997 la cooperativa ravvis\u00f2 la necessit\u00e0 di una figura tecnica che coordinasse nel quotidiano le attivit\u00e0), all\u2019assemblea di Settore e al Coordinamento di settore, che diventer\u00e0 punto di riferimento per gli sviluppi organizzativi futuri e alla cui lettura rimandiamo.<\/p>\n\n\n\n<p>Contemporaneamente restano aperte altre questioni operative. In particolare viene evidenziata la necessit\u00e0 di rivedere e rafforzare la struttura amministrativa, ridotta da sempre ai minimi termini oltre la revisione delle funzioni svolte dal terzo settore. Si \u00e8 evidenziata infatti la necessit\u00e0 del superamento di questo settore poich\u00e9 molte delle funzioni attribuite ad esso sono ormai assegnate al coordinamento e semmai si richiede la necessit\u00e0 di strutture operative in grado di assumere funzioni tecniche specifiche collegate allo sviluppo o alla presenza culturale.<\/p>\n","protected":false},"excerpt":{"rendered":"<p>Fare il punto sui cambiamenti organizzativi nel momento del passaggio agli anni 2000, dopo 25 anni di storia COMIN, significa in sostanza cercare di comprendere il tentativo (con le relative incongruenze) di mantenere davvero viva e reale la nostra esperienza cooperativa di lavoro e di presenza sociale. Questa tensione, come sappiamo, pi\u00f9 che da un&hellip;&nbsp;<\/p>\n<div class=\"read-more-wrapper\"><a href=\"https:\/\/coopcomin.org\/cominvolo\/2023\/03\/22\/organizzarsi-per-rimanere-cooperativa-2\/\" class=\"button button-secondary\" rel=\"bookmark\">Leggi tutto \u00bb<span class=\"screen-reader-text\">Organizzarsi per rimanere cooperativa<\/span><\/a><\/div>\n","protected":false},"author":2,"featured_media":2412,"comment_status":"closed","ping_status":"closed","sticky":false,"template":"","format":"standard","meta":{"_et_pb_use_builder":"","_et_pb_old_content":"","_et_gb_content_width":"","rop_custom_images_group":[],"rop_custom_messages_group":[],"rop_publish_now":"initial","rop_publish_now_accounts":[],"rop_publish_now_history":[],"rop_publish_now_status":"pending","neve_meta_sidebar":"","neve_meta_container":"","neve_meta_enable_content_width":"","neve_meta_content_width":0,"neve_meta_title_alignment":"","neve_meta_author_avatar":"","neve_post_elements_order":"","neve_meta_disable_header":"","neve_meta_disable_footer":"","neve_meta_disable_title":"","neve_meta_reading_time":"","_jetpack_memberships_contains_paid_content":false,"footnotes":""},"categories":[161,3],"tags":[],"class_list":["post-2651","post","type-post","status-publish","format-standard","has-post-thumbnail","hentry","category-cap-12-passaggi","category-la-nostra-storia"],"jetpack_featured_media_url":"https:\/\/i0.wp.com\/coopcomin.org\/cominvolo\/wp-content\/uploads\/2023\/01\/cap-2.jpg?fit=1196%2C678&ssl=1","jetpack_sharing_enabled":true,"_links":{"self":[{"href":"https:\/\/coopcomin.org\/cominvolo\/wp-json\/wp\/v2\/posts\/2651","targetHints":{"allow":["GET"]}}],"collection":[{"href":"https:\/\/coopcomin.org\/cominvolo\/wp-json\/wp\/v2\/posts"}],"about":[{"href":"https:\/\/coopcomin.org\/cominvolo\/wp-json\/wp\/v2\/types\/post"}],"author":[{"embeddable":true,"href":"https:\/\/coopcomin.org\/cominvolo\/wp-json\/wp\/v2\/users\/2"}],"replies":[{"embeddable":true,"href":"https:\/\/coopcomin.org\/cominvolo\/wp-json\/wp\/v2\/comments?post=2651"}],"version-history":[{"count":2,"href":"https:\/\/coopcomin.org\/cominvolo\/wp-json\/wp\/v2\/posts\/2651\/revisions"}],"predecessor-version":[{"id":6076,"href":"https:\/\/coopcomin.org\/cominvolo\/wp-json\/wp\/v2\/posts\/2651\/revisions\/6076"}],"wp:featuredmedia":[{"embeddable":true,"href":"https:\/\/coopcomin.org\/cominvolo\/wp-json\/wp\/v2\/media\/2412"}],"wp:attachment":[{"href":"https:\/\/coopcomin.org\/cominvolo\/wp-json\/wp\/v2\/media?parent=2651"}],"wp:term":[{"taxonomy":"category","embeddable":true,"href":"https:\/\/coopcomin.org\/cominvolo\/wp-json\/wp\/v2\/categories?post=2651"},{"taxonomy":"post_tag","embeddable":true,"href":"https:\/\/coopcomin.org\/cominvolo\/wp-json\/wp\/v2\/tags?post=2651"}],"curies":[{"name":"wp","href":"https:\/\/api.w.org\/{rel}","templated":true}]}}