{"id":1779,"date":"2022-01-21T14:29:16","date_gmt":"2022-01-21T14:29:16","guid":{"rendered":"https:\/\/coopcomin.org\/cominvolo\/?p=1779"},"modified":"2025-06-25T13:07:28","modified_gmt":"2025-06-25T13:07:28","slug":"introduzione-3","status":"publish","type":"post","link":"https:\/\/coopcomin.org\/cominvolo\/2022\/01\/21\/introduzione-3\/","title":{"rendered":"Intro"},"content":{"rendered":"\n<p>Questo settimo capitolo rappresenta necessariamente la prosecuzione di quanto raccontato nello scorso capitolo. Prosegue sicuramente il tempo di crisi e racconteremo ancora di slanci e cadute. Del resto il periodo \u00e8 lo stesso. Si tratta di pochi mesi di differenza.<\/p>\n\n\n\n<p>Il tonfo pi\u00f9 grosso \u00e8 avvenuto indubbiamente durante la gara d\u2019appalto del comune di Milano per il servizio di ADM, avvenuta tra la fine della primavera e l\u2019inizio dell\u2019autunno del \u201893, che per noi ha inaugurato la lunga stagione delle gare d\u2019appalto, che ancora stiamo attraversando. \u00c8 stato davvero un momento difficile che non abbiamo certo dimenticato. Ne parleremo in maniera pi\u00f9 estesa nel prossimo articolo. Vi anticipiamo solo che abbiamo fatto un ricorso al TAR che \u00e8 stato accolto, comportando la ripetizione della gara, che comunque ha visto nuovamente la nostra esclusione e che ha determinando la nostra uscita dal servizio di ADM nella zona 10, in cui eravamo e siamo molto radicati. Nel comune di Milano siamo rimasti assegnatari del servizio unicamente nelle zone 8 e 9 di allora.<\/p>\n\n\n\n<p>Questa triste occasione ha avuto anche delle conseguenze positive. Ci siamo, infatti, sentiti spinti a cercare di esportare il nostro servizio al di fuori della citt\u00e0 di Milano. Un paio di anni dopo siamo poi riusciti a vincere l\u2019appalto concorso del comune di Paderno Dugnano tenuto nel \u201895.<\/p>\n\n\n\n<p>&nbsp;\u00c8 stato possibile avviare in quei mesi, oltre all\u2019Adm a Paderno Dugnano, anche due nuovi interventi: nello specifico due centri diurni. Il primo in via Padova: possiamo dire sulle ceneri ancora calde del Centro di prevenzione di Turro ha preso forma quest\u2019intervento che era gi\u00e0 in incubazione negli anni precedenti. Era inoltre diventato necessario reperire una sede per gli uffici amministrativi della cooperativa. I locali di via Natale Battaglia risultavano troppo angusti per queste due esigenze. La scelta cadde in un ampio seminterrato situato in via Padova 93\/95, che divenne la sede della cooperativa. Il secondo Centro diurno si \u00e8 sviluppato invece in zona 8, dove come detto Comin aveva avuto assegnato il servizio di ADM, a partire proprio da un progetto a gruppo legato a questo servizio. \u00c8 stato costruito in stretta sinergia con le A.S del SSMI di quella zona. \u00c8 il <em>Filo d\u2019Arianna <\/em>che \u00e8 ancora operativo negli spazi di Cassina Anna a Bruzzano.<\/p>\n\n\n\n<p>Abbiamo ritenuto opportuno dedicare un articolo di questo capitolo anche al lavoro di formazione sviluppato in questi anni, raccontarne le esperienze pi\u00f9 significative. In particolare grande spazio \u00e8 stato dato alla formazione sull\u2019intervento di rete. Non solo per quanto era necessario per la gestione del Centro di Prevenzione di Turro, ma anche in riferimento alla gestione dei servizi di Adm. Un importante contributo ci \u00e8 stato fornito proprio dall\u2019applicazione del metodo dell\u2019intervento di rete al servizio di assistenza domiciliare.&nbsp;<\/p>\n\n\n\n<p><em>Regalaci un mattone<\/em> \u00e8 il titolo che abbiamo dato a questo capitolo e non lo abbiamo fatto casualmente. Si riferisce infatti ad una campagna di raccolta di donazioni per l\u2019acquisto della casa in cui attualmente abita ancora la comunit\u00e0 Bicocca. Era infatti necessario per la comunit\u00e0 cambiar casa, poich\u00e9 l\u2019appartamento di via Vigan\u00f2, nel quale alloggiava, non era pi\u00f9 disponibile.  C&#8217; era stato affittato da un socio fondatore che ne aveva ora bisogno. Si decise, nonostante la difficile situazione economica della cooperativa, di procedere all\u2019acquisto di due appartamenti collegabili al piano terra di un condominio in via Emanueli, alla Bicocca, di fronte alla stazione di Greco. Era una scelta complicata, ma ritenuta opportuna come garanzia per il futuro della comunit\u00e0 e della stessa cooperativa. Era per\u00f2 necessario ricercare aiuti economici tra amici e conoscenti per rendere perseguibile il raggiungimento di questo obiettivo. Da qui l\u2019avvio della campagna <em>Regalaci un mattone<\/em> (<a href=\"https:\/\/coopcomin.org\/cominvolo\/wp-content\/uploads\/2022\/01\/doc-49-Regalaci-un-mattone.pdf\" data-type=\"URL\" data-id=\"https:\/\/coopcomin.org\/cominvolo\/wp-content\/uploads\/2022\/01\/doc-49-Regalaci-un-mattone.pdf\">vedi doc. 49 D\u00e9pliant Regalaci un mattone<\/a>). Pu\u00f2 essere utile a questo proposito fare il punto sulle case abitate dalle comunit\u00e0 in questi anni. Le comunit\u00e0 rimaste erano tre e queste erano le loro case:\u00a0<\/p>\n\n\n\n<ul class=\"wp-block-list\"><li>Due appartamenti collegati in via Golfo degli aranci, 16 a Milano. Uno di questi appartamenti donati da un socio e l\u2019altro acquistato con un mutuo dalla cooperativa. In questo appartamento si \u00e8 trasferita dal 1981 la comunit\u00e0 a suo tempo collocata a Sesto San Giovanni in via Costa;&nbsp;<\/li><li>Un appartamento idoneo in Piazza della Resistenza a Sesto San Giovanni, donato dallo stesso socio;<\/li><li>E per ultimo, appunto, l\u2019appartamento acquistato alla Bicocca per diventare sede della comunit\u00e0 inizialmente situata in via Cavallotti, sempre a Sesto, e poi trasferitasi in via Vigan\u00f2, 4 a Milano.<\/li><\/ul>\n","protected":false},"excerpt":{"rendered":"<p>Questo settimo capitolo rappresenta necessariamente la prosecuzione di quanto raccontato nello scorso capitolo. Prosegue sicuramente il tempo di crisi e racconteremo ancora di slanci e cadute. Del resto il periodo \u00e8 lo stesso. Si tratta di pochi mesi di differenza. Il tonfo pi\u00f9 grosso \u00e8 avvenuto indubbiamente durante la gara d\u2019appalto del comune di Milano&hellip;&nbsp;<\/p>\n<div class=\"read-more-wrapper\"><a href=\"https:\/\/coopcomin.org\/cominvolo\/2022\/01\/21\/introduzione-3\/\" class=\"button button-secondary\" rel=\"bookmark\">Leggi tutto \u00bb<span class=\"screen-reader-text\">Intro<\/span><\/a><\/div>\n","protected":false},"author":2,"featured_media":1815,"comment_status":"closed","ping_status":"closed","sticky":false,"template":"","format":"standard","meta":{"_et_pb_use_builder":"","_et_pb_old_content":"","_et_gb_content_width":"","rop_custom_images_group":[],"rop_custom_messages_group":[],"rop_publish_now":"initial","rop_publish_now_accounts":[],"rop_publish_now_history":[],"rop_publish_now_status":"pending","neve_meta_sidebar":"","neve_meta_container":"","neve_meta_enable_content_width":"","neve_meta_content_width":0,"neve_meta_title_alignment":"","neve_meta_author_avatar":"","neve_post_elements_order":"","neve_meta_disable_header":"","neve_meta_disable_footer":"","neve_meta_disable_title":"","neve_meta_reading_time":"","_jetpack_memberships_contains_paid_content":false,"footnotes":""},"categories":[47],"tags":[90,118,119,87,117,120],"class_list":["post-1779","post","type-post","status-publish","format-standard","has-post-thumbnail","hentry","category-cap-7-regalaci-un-mattone","tag-adm","tag-centro-diurno","tag-centro-prevenzione","tag-comin","tag-filo-d-arianna","tag-turro"],"jetpack_featured_media_url":"https:\/\/i0.wp.com\/coopcomin.org\/cominvolo\/wp-content\/uploads\/2022\/01\/regalaci-un-mattone-intro.jpg?fit=800%2C600&ssl=1","jetpack_sharing_enabled":true,"_links":{"self":[{"href":"https:\/\/coopcomin.org\/cominvolo\/wp-json\/wp\/v2\/posts\/1779","targetHints":{"allow":["GET"]}}],"collection":[{"href":"https:\/\/coopcomin.org\/cominvolo\/wp-json\/wp\/v2\/posts"}],"about":[{"href":"https:\/\/coopcomin.org\/cominvolo\/wp-json\/wp\/v2\/types\/post"}],"author":[{"embeddable":true,"href":"https:\/\/coopcomin.org\/cominvolo\/wp-json\/wp\/v2\/users\/2"}],"replies":[{"embeddable":true,"href":"https:\/\/coopcomin.org\/cominvolo\/wp-json\/wp\/v2\/comments?post=1779"}],"version-history":[{"count":1,"href":"https:\/\/coopcomin.org\/cominvolo\/wp-json\/wp\/v2\/posts\/1779\/revisions"}],"predecessor-version":[{"id":5631,"href":"https:\/\/coopcomin.org\/cominvolo\/wp-json\/wp\/v2\/posts\/1779\/revisions\/5631"}],"wp:featuredmedia":[{"embeddable":true,"href":"https:\/\/coopcomin.org\/cominvolo\/wp-json\/wp\/v2\/media\/1815"}],"wp:attachment":[{"href":"https:\/\/coopcomin.org\/cominvolo\/wp-json\/wp\/v2\/media?parent=1779"}],"wp:term":[{"taxonomy":"category","embeddable":true,"href":"https:\/\/coopcomin.org\/cominvolo\/wp-json\/wp\/v2\/categories?post=1779"},{"taxonomy":"post_tag","embeddable":true,"href":"https:\/\/coopcomin.org\/cominvolo\/wp-json\/wp\/v2\/tags?post=1779"}],"curies":[{"name":"wp","href":"https:\/\/api.w.org\/{rel}","templated":true}]}}